{"id":103977,"date":"2024-12-05T11:42:00","date_gmt":"2024-12-05T14:42:00","guid":{"rendered":"https:\/\/bluestudio.estadao.com.br\/agencia-de-comunicacao\/releases\/releases-geral\/sesi-sp-e-fiesp-reconhecem-municipios-com-melhor-alfabetizacao\/"},"modified":"2024-12-05T11:42:00","modified_gmt":"2024-12-05T14:42:00","slug":"sesi-sp-e-fiesp-reconhecem-municipios-com-melhor-alfabetizacao","status":"publish","type":"post","link":"https:\/\/bluestudio.estadao.com.br\/agencia-de-comunicacao\/releases\/releases-geral\/sesi-sp-e-fiesp-reconhecem-municipios-com-melhor-alfabetizacao\/","title":{"rendered":"Sesi-SP e Fiesp reconhecem munic\u00edpios com melhor alfabetiza\u00e7\u00e3o"},"content":{"rendered":"<p><b>Por Sesi-SP<\/b><\/p>\n<p>Pr\u00eamio PAR destaca cidades que tiveram resultados expressivos para alfabetizar alunos at\u00e9 o 2\u00ba ano do Ensino Fundamental; criado em 2023, projeto tem forma\u00e7\u00e3o de gestores e professores para mais de 420 munic\u00edpios do Estado.<\/p>\n<p>N\u00e3o \u00e9 segredo para ningu\u00e9m que para construir um pa\u00eds melhor \u00e9 preciso ter uma boa educa\u00e7\u00e3o &#8211; e o primeiro passo para isso \u00e9 alfabetizar as crian\u00e7as na idade correta. Na \u00faltima ter\u00e7a-feira, 3, o Servi\u00e7o Social da Ind\u00fastria de S\u00e3o Paulo (Sesi-SP) e a Federa\u00e7\u00e3o das Ind\u00fastrias do Estado de S\u00e3o Paulo (Fiesp) anunciaram os munic\u00edpios vencedores do Pr\u00eamio PAR, oferecido \u00e0s cidades do Estado de S\u00e3o Paulo que se destacaram na alfabetiza\u00e7\u00e3o de crian\u00e7as at\u00e9 o segundo ano do Ensino Fundamental.<\/p>\n<p>Criado em 2023, o Pr\u00eamio PAR faz parte do Programa Alfabetiza\u00e7\u00e3o Respons\u00e1vel, oferecido pelo Sesi-SP em mais de 420 munic\u00edpios do Estado, com foco na forma\u00e7\u00e3o de professores e gestores das redes p\u00fablicas de ensino. Com apoio da institui\u00e7\u00e3o, os educadores recebem estrat\u00e9gias e recursos pedag\u00f3gicos para auxiliar no processo de alfabetiza\u00e7\u00e3o das crian\u00e7as. &#8220;\u00c9 muito importante darmos as m\u00e3os aos munic\u00edpios para melhorar a educa\u00e7\u00e3o p\u00fablica do Estado de S\u00e3o Paulo&#8221;, disse Alexandre Pflug, superintendente do Sesi-SP, durante a cerim\u00f4nia de premia\u00e7\u00e3o realizada no Centro Cultural Fiesp, na Avenida Paulista, em S\u00e3o Paulo.<\/p>\n<p>Para a premia\u00e7\u00e3o, todos os 645 munic\u00edpios paulistas foram avaliados com o apoio de organiza\u00e7\u00f5es como Canal Futura, Instituto Ayrton Senna e Associa\u00e7\u00e3o de Munic\u00edpios de Pequeno Porte do Estado de S\u00e3o Paulo (Amppesp). Nesta edi\u00e7\u00e3o, o Sesi-SP reconheceu 8 munic\u00edpios com resultados expressivos na educa\u00e7\u00e3o no ano passado: Ouroeste, Barra do Turvo, Santa Mercedes, Fernando Prestes, Pedreira, Itajobi, Birigui e Santa Isabel. Cada uma das cidades premiadas teve \u00edndices representativos na alfabetiza\u00e7\u00e3o das crian\u00e7as, vencendo em categorias divididas com base em tr\u00eas crit\u00e9rios.<\/p>\n<p>S\u00e3o eles: o n\u00edvel socioecon\u00f4mico, o n\u00famero de alunos registrados no segundo ano do Ensino Fundamental no Censo Escolar e o desempenho no Sistema de Avalia\u00e7\u00e3o de Rendimento Escolar do Estado de S\u00e3o Paulo (Saresp), aplicado anualmente pela Secretaria Estadual de Educa\u00e7\u00e3o. Al\u00e9m do reconhecimento, os vencedores receberam como pr\u00eamio um laborat\u00f3rio Sesi Maker, contendo equipamentos de \u00faltima gera\u00e7\u00e3o para incentivar a criatividade e aprimorar o aprendizado dos estudantes.<\/p>\n<p>&#8220;Para transformar um munic\u00edpio, temos que investir na educa\u00e7\u00e3o &#8211; e o Sesi nos ajudou muito com conhecimento e aprendizagem&#8221;, destacou Dr. Jefferson, prefeito de Barra do Turvo, munic\u00edpio do Vale do Ribeira com cerca de 7 mil habitantes, laureado na categoria B do Pr\u00eamio PAR. &#8220;\u00c9 um grande desafio ser prefeito de uma cidade com muitas necessidades. Sozinho n\u00e3o d\u00e1 para resolver tudo, mas com bons parceiros a gente faz muita coisa&#8221;, complementou Carlos Chinchilla, prefeito de Santa Isabel, na Grande S\u00e3o Paulo, que venceu na categoria H da premia\u00e7\u00e3o.<\/p>\n<p>Avan\u00e7os significativos<\/p>\n<p>Al\u00e9m dos munic\u00edpios que foram premiados como os melhores em termos de alfabetiza\u00e7\u00e3o, o Pr\u00eamio PAR trouxe ainda pela primeira vez um reconhecimento para as cidades que tiveram avan\u00e7os significativos entre 2022 e 2023, com os maiores \u00edndices de crescimento na alfabetiza\u00e7\u00e3o na idade correta entre um ano e outro. As cidades premiadas foram Santa Clara d&#8217;Oeste, V\u00e1rzea Paulista, Quintana, Regente Feij\u00f3, Ol\u00edmpia, Pontal, J\u00falio Mesquita e Parapu\u00e3.<\/p>\n<p>O evento tamb\u00e9m contou com apresenta\u00e7\u00f5es musicais, como a da cantora Faf\u00e1 de Bel\u00e9m, e a presen\u00e7a do secret\u00e1rio de Educa\u00e7\u00e3o do Estado de S\u00e3o Paulo, Renato Feder, que expressou seu apre\u00e7o pelo Sesi-SP e seus programas educacionais. &#8220;Admiro muito a institui\u00e7\u00e3o e o trabalho que voc\u00eas realizam&#8221;, disse. O Sesi-SP e o poder p\u00fablico estadual pretendem intensificar as parcerias na \u00e1rea de educa\u00e7\u00e3o.<\/p>\n<p>Munic\u00edpios que registraram os melhores \u00edndices de alfabetiza\u00e7\u00e3o Barra do Turvo Birigui Fernando Prestes Itajobi Ouroeste Pedreira Santa Isabel Santa Mercedes.<\/p>\n<p>Confira os munic\u00edpios que registraram os melhores \u00edndices de alfabetiza\u00e7\u00e3o:<br \/>\n. Barra do Turvo<br \/>\n. Birigui<br \/>\n. Fernando Prestes<br \/>\n. Itajobi<br \/>\n. Ouroeste<br \/>\n. Pedreira<br \/>\n. Santa Isabel<br \/>\n. Santa Mercedes<\/p>\n","protected":false},"excerpt":{"rendered":"Pr\u00eamio PAR destaca cidades que tiveram resultados expressivos para alfabetizar alunos at\u00e9 o 2\u00ba ano do Ensino Fundamental; criado em 2023, projeto tem forma\u00e7\u00e3o de gestores e profess","protected":false},"author":1,"featured_media":0,"comment_status":"open","ping_status":"closed","sticky":false,"template":"","format":"standard","meta":{"_acf_changed":false,"inline_featured_image":false,"_monsterinsights_skip_tracking":false,"_monsterinsights_sitenote_active":false,"_monsterinsights_sitenote_note":"","_monsterinsights_sitenote_category":0,"footnotes":""},"categories":[34],"tags":[],"class_list":["post-103977","post","type-post","status-publish","format-standard","hentry","category-releases-geral"],"acf":[],"_links":{"self":[{"href":"https:\/\/bluestudio.estadao.com.br\/agencia-de-comunicacao\/wp-json\/wp\/v2\/posts\/103977","targetHints":{"allow":["GET"]}}],"collection":[{"href":"https:\/\/bluestudio.estadao.com.br\/agencia-de-comunicacao\/wp-json\/wp\/v2\/posts"}],"about":[{"href":"https:\/\/bluestudio.estadao.com.br\/agencia-de-comunicacao\/wp-json\/wp\/v2\/types\/post"}],"author":[{"embeddable":true,"href":"https:\/\/bluestudio.estadao.com.br\/agencia-de-comunicacao\/wp-json\/wp\/v2\/users\/1"}],"replies":[{"embeddable":true,"href":"https:\/\/bluestudio.estadao.com.br\/agencia-de-comunicacao\/wp-json\/wp\/v2\/comments?post=103977"}],"version-history":[{"count":0,"href":"https:\/\/bluestudio.estadao.com.br\/agencia-de-comunicacao\/wp-json\/wp\/v2\/posts\/103977\/revisions"}],"wp:attachment":[{"href":"https:\/\/bluestudio.estadao.com.br\/agencia-de-comunicacao\/wp-json\/wp\/v2\/media?parent=103977"}],"wp:term":[{"taxonomy":"category","embeddable":true,"href":"https:\/\/bluestudio.estadao.com.br\/agencia-de-comunicacao\/wp-json\/wp\/v2\/categories?post=103977"},{"taxonomy":"post_tag","embeddable":true,"href":"https:\/\/bluestudio.estadao.com.br\/agencia-de-comunicacao\/wp-json\/wp\/v2\/tags?post=103977"}],"curies":[{"name":"wp","href":"https:\/\/api.w.org\/{rel}","templated":true}]}}