{"id":103771,"date":"2024-12-02T03:42:00","date_gmt":"2024-12-02T06:42:00","guid":{"rendered":"https:\/\/bluestudio.estadao.com.br\/agencia-de-comunicacao\/prnewswire\/prnewsbrasil\/a-cop16-comecara-na-arabia-saudita-enquanto-o-mundo-busca-solucoes-urgentes-para-a-degradacao-da-terra-a-desertificacao-e-a-seca\/"},"modified":"2024-12-02T03:42:00","modified_gmt":"2024-12-02T06:42:00","slug":"a-cop16-comecara-na-arabia-saudita-enquanto-o-mundo-busca-solucoes-urgentes-para-a-degradacao-da-terra-a-desertificacao-e-a-seca","status":"publish","type":"post","link":"https:\/\/bluestudio.estadao.com.br\/agencia-de-comunicacao\/prnewswire\/prnewsbrasil\/a-cop16-comecara-na-arabia-saudita-enquanto-o-mundo-busca-solucoes-urgentes-para-a-degradacao-da-terra-a-desertificacao-e-a-seca\/","title":{"rendered":"A COP16 come\u00e7ar\u00e1 na Ar\u00e1bia Saudita, enquanto o mundo busca solu\u00e7\u00f5es urgentes para a degrada\u00e7\u00e3o da terra, a desertifica\u00e7\u00e3o e a seca"},"content":{"rendered":"<p><b>PR NEWSWIRE<\/b><\/p>\n<div class=\"xn-content\">\n<i> Dignit\u00e1rios globais, formuladores de pol\u00edticas, cientistas e ONGs chegam a Riad antes da reuni\u00e3o &#8220;cr\u00edtica&#8221; da ONU para restaurar terras <\/i><\/p>\n<p><span class=\"legendSpanClass\">RIAD, Ar\u00e1bia Saudita<\/span>, <span class=\"legendSpanClass\">2 de dezembro de 2024<\/span> \/PRNewswire\/ &#8212;\u00a0A maior reuni\u00e3o da Conven\u00e7\u00e3o das Na\u00e7\u00f5es Unidas de Combate \u00e0 Desertifica\u00e7\u00e3o (UNCCD) est\u00e1 marcada para come\u00e7ar em Riad, com uma agenda repleta de a\u00e7\u00f5es para impulsionar a\u00e7\u00f5es multilaterais sobre degrada\u00e7\u00e3o da terra, seca e desertifica\u00e7\u00e3o. Dignit\u00e1rios, formuladores de pol\u00edticas, institui\u00e7\u00f5es globais, empresas, ONGs e principais partes interessadas est\u00e3o chegando \u00e0 capital da Ar\u00e1bia Saudita antes de uma confer\u00eancia cr\u00edtica para acelerar as iniciativas globais de restaura\u00e7\u00e3o de terras e resili\u00eancia \u00e0 seca.<\/p>\n<div id=\"prni_dvprnejpg02b3left\" dir=\"ltr\" style=\"width: 100%;text-align: left\"><img decoding=\"async\" id=\"prnejpg02b3left\" title=\"UNCCD COP16 \" src=\"https:\/\/mma.prnewswire.com\/media\/2556588\/5024165\/UNCCD_COP16__Logo.jpg\" alt=\"UNCCD COP16 \" align=\"middle\" \/><\/div>\n<p>De 2 \u00a0 a 13 \u00a0de dezembro, os primeiros dias da <span class=\"xn-money\">COP16<\/span> da UNCCD est\u00e3o marcados para ver uma s\u00e9rie de c\u00fapulas de alto n\u00edvel, di\u00e1logos ministeriais e an\u00fancios para enfrentar os desafios prementes associados \u00e0 degrada\u00e7\u00e3o da terra, degrada\u00e7\u00e3o e seca. No dia 2 de dezembro \u00a0, a Presid\u00eancia da UNCCD da Ar\u00e1bia Saudita lan\u00e7ar\u00e1 a inovadora Riyadh Global Drought Resilience Initiative (Iniciativa de Resili\u00eancia Global \u00e0 Seca de Riade), para acelerar a a\u00e7\u00e3o internacional sobre a resili\u00eancia \u00e0 seca e garantir uma abordagem global mais coesa e proativa para combater a seca.<\/p>\n<p>Refor\u00e7ar a resili\u00eancia global \u00e0 seca \u00e9 um ponto focal da <span class=\"xn-money\">COP16<\/span>, e a C\u00fapula <span class=\"xn-person\">One Water de<\/span> alto n\u00edvel acontecer\u00e1 em Riad em 3 <sup> \u00ba<\/sup> de dezembro para enfrentar a escassez global de \u00e1gua e os desafios h\u00eddricos. Originalmente anunciada \u00e0 margem da <span class=\"xn-money\">COP28<\/span> em parceria com a Ar\u00e1bia Saudita, a c\u00fapula visa melhorar a governan\u00e7a global da \u00e1gua e <b> contar\u00e1 com o envolvimento do Presidente da Rep\u00fablica Francesa, Emmanuel Macron, do Presidente da Rep\u00fablica do Cazaquist\u00e3o, Kassym-Jomart Tokayev, e do Presidente do Banco Mundial, <span class=\"xn-person\">Ajay Banga<\/span>. <\/b><\/p>\n<p>Em conjunto, o F\u00f3rum da Iniciativa Verde Saudita (SGI) (de 2 a 3 de dezembro) incluir\u00e1 centenas de formuladores de pol\u00edticas, l\u00edderes empresariais e especialistas no assunto de todo o mundo no Pavilh\u00e3o SGI dedicado na Zona Verde da <span class=\"xn-money\">COP16<\/span> para explorar o progresso feito pelas trilhas de energia e meio ambiente da SGI, compartilhando melhores pr\u00e1ticas e proje\u00e7\u00f5es futuras. O Segundo F\u00f3rum Internacional sobre Tecnologias de Ecologiza\u00e7\u00e3o tamb\u00e9m acontecer\u00e1 na <span class=\"xn-person\">Zona Verde<\/span> entre os dias 6 e 8 de dezembro, incluindo dezenas de sess\u00f5es personalizadas para explorar solu\u00e7\u00f5es, inova\u00e7\u00f5es e li\u00e7\u00f5es aprendidas com projetos globais de ecologiza\u00e7\u00e3o, al\u00e9m de mostrar a pesquisa cient\u00edfica associada a projetos de restaura\u00e7\u00e3o em todo o mundo.<\/p>\n<p>&#8220;Este \u00e9 um momento cr\u00edtico para abordar a degrada\u00e7\u00e3o da terra, a seca e a desertifica\u00e7\u00e3o&#8221;, disse o Dr. Osama Faqeeha, Vice-Ministro do Meio Ambiente, Minist\u00e9rio do Meio Ambiente, \u00c1gua e Agricultura e Conselheiro da Presid\u00eancia da <span class=\"xn-money\">COP16<\/span> da UNCCD.\u00a0&#8220;Por muito tempo, essas crises globais devastadoras n\u00e3o receberam a aten\u00e7\u00e3o que merecem no cen\u00e1rio internacional. Como anfitri\u00f5es, damos as boas-vindas ao mundo em Riade para ajudar a encontrar solu\u00e7\u00f5es duradouras. Entregaremos a maior COP da UNCCD at\u00e9 o momento, para mobilizar a\u00e7\u00f5es multilaterais sobre restaura\u00e7\u00e3o de terras e resili\u00eancia \u00e0 seca &#8220;, acrescentou o Dr. Faqeeha.<\/p>\n<p>A Presid\u00eancia da <span class=\"xn-money\">COP16<\/span> da Ar\u00e1bia Saudita tamb\u00e9m deve fortalecer a Agenda de A\u00e7\u00e3o, incentivando governos e atores n\u00e3o estatais a defender iniciativas que ofere\u00e7am solu\u00e7\u00f5es duradouras para a degrada\u00e7\u00e3o da terra, desertifica\u00e7\u00e3o e seca. Como parte da Presid\u00eancia da <span class=\"xn-money\">COP16<\/span>, a Ar\u00e1bia Saudita pretende trabalhar com os defensores dessas iniciativas para fortalecer as sinergias entre eles nos pr\u00f3ximos dois anos.<\/p>\n<p>&#8220;A Agenda de A\u00e7\u00e3o da <span class=\"xn-money\">COP16<\/span> estabelece uma vis\u00e3o e objetivos ambiciosos para aproveitar as energias coletivas de atores n\u00e3o estatais, incluindo empresas, agricultores, regi\u00f5es, cidades, institui\u00e7\u00f5es financeiras, investidores, sociedade civil e povos ind\u00edgenas, para catalisar solu\u00e7\u00f5es pr\u00e1ticas e impulsionar o progresso mensur\u00e1vel em dire\u00e7\u00e3o aos objetivos da UNCCD&#8221;, disse <span class=\"xn-person\">Nigel Topping<\/span>, fundador da Ambition Loop e\u00a0ex-campe\u00e3o de alto n\u00edvel da ONU sobre mudan\u00e7as clim\u00e1ticas na <span class=\"xn-money\">COP26<\/span>.<\/p>\n<p>A <span class=\"xn-money\">COP16<\/span> em Riad \u00e9 a primeira confer\u00eancia da UNCCD a ser realizada na regi\u00e3o do Oriente M\u00e9dio, a primeira a apresentar uma <span class=\"xn-person\">Zona Verde<\/span> e a maior confer\u00eancia multilateral j\u00e1 organizada pela Ar\u00e1bia Saudita. De acordo com a\u00a0UNCCD, a degrada\u00e7\u00e3o da terra afeta quase 40% do planeta e impacta a vida de mais de 3,2 bilh\u00f5es de pessoas. Todos os anos, 100 milh\u00f5es de hectares de terra s\u00e3o degradados, com a frequ\u00eancia e intensidade da seca aumentando em quase um ter\u00e7o desde 2000.<\/p>\n<p><b> Sobre a <span class=\"xn-money\">COP16<\/span> Riade<\/b><\/p>\n<p>A confer\u00eancia da <span class=\"xn-money\">COP16<\/span> da UNCCD acontecer\u00e1 de 2 a 13 de dezembro de 2024, no Boulevard Riyadh World, na Ar\u00e1bia Saudita. A confer\u00eancia, com o tema Nossa Terra. Nosso Futuro marcar\u00e1 o 30\u00ba anivers\u00e1rio da UNCCD e visa garantir a\u00e7\u00f5es multilaterais em quest\u00f5es cr\u00edticas como resili\u00eancia \u00e0 seca, posse da terra e tempestades de areia e poeira.\u00a0\u00a0<\/p>\n<p>Para mais informa\u00e7\u00f5es sobre a UNCCD <span class=\"xn-money\">COP16<\/span> ou para registrar seu interesse em participar da <span class=\"xn-person\">Zona Verde<\/span>, visite <a href=\"https:\/\/www.unccdcop16.org\/\" target=\"_blank\" rel=\"nofollow\"> UNCCDCOP16.org<\/a><\/p>\n<p>Logo: <a href=\"https:\/\/mma.prnewswire.com\/media\/2556588\/5024165\/UNCCD_COP16__Logo.jpg\" target=\"_blank\" rel=\"nofollow\"> https:\/\/mma.prnewswire.com\/media\/2556588\/5024165\/UNCCD_COP16__Logo.jpg<\/a><\/p>\n<p>\u00a0<\/p>\n<p id=\"PURL\"><img loading=\"lazy\" decoding=\"async\" title=\"Cision\" width=\"12\" height=\"12\" alt=\"Cision\" src=\"https:\/\/c212.net\/c\/img\/favicon.png?sn=PT68960&amp;sd=2024-12-02\" \/> View original content:<a id=\"PRNURL\" rel=\"nofollow\" href=\"https:\/\/www.prnewswire.com\/br\/comunicados-para-a-imprensa\/a-cop16-comecara-na-arabia-saudita-enquanto-o-mundo-busca-solucoes-urgentes-para-a-degradacao-da-terra-a-desertificacao-e-a-seca-302319415.html\" target=\"_blank\">https:\/\/www.prnewswire.com\/br\/comunicados-para-a-imprensa\/a-cop16-comecara-na-arabia-saudita-enquanto-o-mundo-busca-solucoes-urgentes-para-a-degradacao-da-terra-a-desertificacao-e-a-seca-302319415.html<\/a><\/p>\n<p>FONTE  UNCCD <span class=\"xn-money\">COP16<\/span><\/p>\n<\/div>\n<p><img decoding=\"async\" alt=\"\" src=\"https:\/\/rt.prnewswire.com\/rt.gif?NewsItemId=PT68960&amp;Transmission_Id=202412020136PR_NEWS_LATAM____PT68960&amp;DateId=20241202\" style=\"border:0px;width:1px;height:1px\" \/><\/p>\n<p>A <b>OESP<\/b> n\u00e3o \u00e9(s\u00e3o) respons\u00e1vel(is) por erros, incorre\u00e7\u00f5es, atrasos ou quaisquer decis\u00f5es tomadas por seus clientes com base nos Conte\u00fados ora disponibilizados, bem como tais Conte\u00fados n\u00e3o representam a opini\u00e3o da <b>OESP<\/b> e s\u00e3o de inteira responsabilidade da <b>PR Newswire Ltda<\/b><\/p>\n","protected":false},"excerpt":{"rendered":"\u00a0A maior reuni\u00e3o da Conven\u00e7\u00e3o das Na\u00e7\u00f5es Unidas de Combate \u00e0 Desertifica\u00e7\u00e3o (UNCCD) est\u00e1 marcada para come\u00e7ar em Riad, com uma agenda repleta de a\u00e7\u00f5es para impulsionar a\u00e7\u00f5es multil","protected":false},"author":1,"featured_media":0,"comment_status":"open","ping_status":"closed","sticky":false,"template":"","format":"standard","meta":{"_acf_changed":false,"inline_featured_image":false,"_monsterinsights_skip_tracking":false,"_monsterinsights_sitenote_active":false,"_monsterinsights_sitenote_note":"","_monsterinsights_sitenote_category":0,"footnotes":""},"categories":[28],"tags":[],"class_list":["post-103771","post","type-post","status-publish","format-standard","hentry","category-prnewsbrasil"],"acf":[],"_links":{"self":[{"href":"https:\/\/bluestudio.estadao.com.br\/agencia-de-comunicacao\/wp-json\/wp\/v2\/posts\/103771","targetHints":{"allow":["GET"]}}],"collection":[{"href":"https:\/\/bluestudio.estadao.com.br\/agencia-de-comunicacao\/wp-json\/wp\/v2\/posts"}],"about":[{"href":"https:\/\/bluestudio.estadao.com.br\/agencia-de-comunicacao\/wp-json\/wp\/v2\/types\/post"}],"author":[{"embeddable":true,"href":"https:\/\/bluestudio.estadao.com.br\/agencia-de-comunicacao\/wp-json\/wp\/v2\/users\/1"}],"replies":[{"embeddable":true,"href":"https:\/\/bluestudio.estadao.com.br\/agencia-de-comunicacao\/wp-json\/wp\/v2\/comments?post=103771"}],"version-history":[{"count":0,"href":"https:\/\/bluestudio.estadao.com.br\/agencia-de-comunicacao\/wp-json\/wp\/v2\/posts\/103771\/revisions"}],"wp:attachment":[{"href":"https:\/\/bluestudio.estadao.com.br\/agencia-de-comunicacao\/wp-json\/wp\/v2\/media?parent=103771"}],"wp:term":[{"taxonomy":"category","embeddable":true,"href":"https:\/\/bluestudio.estadao.com.br\/agencia-de-comunicacao\/wp-json\/wp\/v2\/categories?post=103771"},{"taxonomy":"post_tag","embeddable":true,"href":"https:\/\/bluestudio.estadao.com.br\/agencia-de-comunicacao\/wp-json\/wp\/v2\/tags?post=103771"}],"curies":[{"name":"wp","href":"https:\/\/api.w.org\/{rel}","templated":true}]}}