{"id":103337,"date":"2024-11-19T03:57:00","date_gmt":"2024-11-19T06:57:00","guid":{"rendered":"https:\/\/bluestudio.estadao.com.br\/agencia-de-comunicacao\/releases\/releases-geral\/a-byd-sublinha-a-forte-colaboracao-com-os-parceiros-no-mercado-do-armazenamento-de-energia-durante-a-conferencia-de-parceiros\/"},"modified":"2024-11-19T03:57:00","modified_gmt":"2024-11-19T06:57:00","slug":"a-byd-sublinha-a-forte-colaboracao-com-os-parceiros-no-mercado-do-armazenamento-de-energia-durante-a-conferencia-de-parceiros","status":"publish","type":"post","link":"https:\/\/bluestudio.estadao.com.br\/agencia-de-comunicacao\/releases\/releases-geral\/a-byd-sublinha-a-forte-colaboracao-com-os-parceiros-no-mercado-do-armazenamento-de-energia-durante-a-conferencia-de-parceiros\/","title":{"rendered":"A BYD sublinha a forte colabora\u00e7\u00e3o com os parceiros no mercado do armazenamento de energia durante a confer\u00eancia de parceiros"},"content":{"rendered":"<p><b>BYD Energy Storage<\/b><\/p>\n<p>SHENZHEN, China, Nov.  19, 2024  (GLOBE NEWSWIRE) &#8212; A <a href=\"https:\/\/www.globenewswire.com\/Tracker?data=JiJuxMINKZv_fa3kFKHEkus_RzAP6DQimTngZ59p_3fVdjOAjm7CQYWA-IpS-VJaGG25i1wi4x6DkJOkw-qP0w==\" rel=\"nofollow\" target=\"_blank\">BYD Co. Ltd.<\/a>, amplia o programa de parceria para as solu\u00e7\u00f5es de armazenamento de energia da BYD. Como parte do programa, a BYD realizou uma confer\u00eancia de parceiros na sede da BYD em novembro de 2024, na qual os parceiros tiveram a oportunidade de expressar as suas experi\u00eancias, trocar informa\u00e7\u00f5es com a equipa t\u00e9cnica e receber uma antevis\u00e3o exclusiva dos futuros novos produtos e funcionalidades.<\/p>\n<p align=\"justify\"><img decoding=\"async\" alt=\"\" height=\"351.06px\" src=\"https:\/\/ml.globenewswire.com\/Resource\/Download\/61249bb0-ac23-4ab4-933e-6025c6747b6d\/image1.jpeg\" width=\"624.22px\" \/><\/p>\n<p align=\"justify\">A BYD tem investido continuamente em I&amp;D, bem como nas instala\u00e7\u00f5es de produ\u00e7\u00e3o, para garantir que as solu\u00e7\u00f5es de armazenamento de energia n\u00e3o s\u00f3 est\u00e3o na vanguarda da curva de inova\u00e7\u00e3o, como tamb\u00e9m s\u00e3o produzidas de acordo com os mais elevados padr\u00f5es de seguran\u00e7a e de forma econ\u00f3mica, afirmou Yin Xiaoqiang, GM da BYD Energy Storage. Outro fator importante no desenvolvimento dos nossos produtos \u00e9 o di\u00e1logo ativo com os nossos parceiros e clientes. Por conseguinte, reuni\u00f5es regulares com parceiros do setor de distribui\u00e7\u00e3o e instala\u00e7\u00e3o fazem parte do nosso programa de parceria. Levamos os seus coment\u00e1rios e conhecimentos a s\u00e9rio e desenvolvemos as nossas solu\u00e7\u00f5es para os ajudar a abordar as exig\u00eancias atuais e futuras no uso e armazenamento eficiente de energia renov\u00e1vel.<\/p>\n<p align=\"justify\">Um dos principais objetivos da BYD para a confer\u00eancia foi obter conhecimentos sobre os desafios atuais do mercado que os parceiros enfrentam e como as solu\u00e7\u00f5es de armazenamento de energia os podem ajudar a enfrent\u00e1-los:<\/p>\n<ul type=\"disc\">\n<li style=\"margin-bottom:8pt;text-align:justify\">Muitos grossistas e instaladores comunicaram que est\u00e3o atualmente a enfrentar hesita\u00e7\u00f5es por parte dos clientes em investirem em energia fotovoltaica e tecnologia relacionada, uma vez que o mercado est\u00e1 em baixa.<\/li>\n<li style=\"margin-bottom:8pt;text-align:justify\">No entanto, confirmaram que solu\u00e7\u00f5es como a s\u00e9rie BatteryBox os ajudaram a conquistar clientes \u00e0 medida que a energia fotovoltaica e o armazenamento de energia se tornam cada vez mais insepar\u00e1veis.<\/li>\n<li style=\"margin-bottom:8pt;text-align:justify\">Especialmente em face das tend\u00eancias como o carregamento bidirecional e a din\u00e2mica dos pre\u00e7os da eletricidade, o elevado poder de carregamento dos sistemas BYD BatteryBox \u00e9 muito vantajoso.<\/li>\n<\/ul>\n<p align=\"justify\">A confer\u00eancia ofereceu igualmente uma antevis\u00e3o exclusiva dos produtos futuros e novas funcionalidades do portef\u00f3lio de armazenamento de energia. Para al\u00e9m da confer\u00eancia de utilizadores e da visita \u00e0 sede da BYD, os parceiros tiveram a oportunidade de espreitar os bastidores de uma das instala\u00e7\u00f5es de produ\u00e7\u00e3o mais avan\u00e7adas da BYD. O parque industrial em Nanning \u00e9 especializado na investiga\u00e7\u00e3o, desenvolvimento e fabrico de c\u00e9lulas e sistemas de armazenamento de energia desde maio de 2023  das mat\u00e9rias-primas aos produtos acabados e inclui uma base de produ\u00e7\u00e3o de 55 GWh para c\u00e9lulas e sistemas de armazenamento de energia.<\/p>\n<p><strong>Contacto para os meios de comunica\u00e7\u00e3o social: <\/strong>Qifen ZHONG, <a href=\"https:\/\/www.globenewswire.com\/Tracker?data=lt67rj1gaS41r-vLuMdJXT12dPW1deoK9DUtWK2zhqO8J-XMunQ9SNedpgKDAUNYCOMR_r3evJK2X6jjOyPiTzDofCHTxBMnhS6SbDXB2sA=\" rel=\"nofollow\" target=\"_blank\">zhong.qifen@fdbatt.com<\/a><\/p>\n<p><strong>Links relacionados:<\/strong><br \/><a href=\"https:\/\/www.globenewswire.com\/Tracker?data=bH5Jo1m--2zhMW38KHNX3BNm5WzR7OdvBPlr3TWlIAW0c2_wJjUPAV_cF7sG7NDaR3WZA90G1y-4DL6iJiMntw==\" rel=\"nofollow\" target=\"_blank\">www.byd.com<\/a><a href=\"https:\/\/www.globenewswire.com\/Tracker?data=X6GqZ-f3gKQbWHcjo3SHOY3bfd9uxJeBbqJfVA6I8vBu-d2fPoN4BPA_fTaD31PD07rSRPkU3OPfFf186BwiPH1LyG-PYk-KfkfZdjOQ9qrFv-N2o14g_TuAN6bCVb1VQBeJbOcUUkgvrrih6peqZC9Q0V9kGst8XbnjLQ5WnfZSCN75BagJlYwQ67L-2MXOlUSLeo3G07uMd1ygF1M7mwmDyDjqrn1qD6vsiyAq9-uV_BNqav0surh4vqGoe5a41XNLmf1RMq-s4nTHLnYdn36NQmnLzCNvd85QdwoEuP3WiS8Ii4nsxN28R-rjWtavXe9QDNcHnb1QPRcDjOvh9H6ecXJZU7b9LIe6tHUv_XE=\" rel=\"nofollow\" target=\"_blank\"><br \/><\/a><a href=\"https:\/\/www.globenewswire.com\/Tracker?data=bH5Jo1m--2zhMW38KHNX3NnyYvVHiGEW-0FaInR3KBQqfQ2Q2WA65OYSavd_oBQGIuEZFTJqo-A2P_N2BnrHueUZv8bpXn9JYU_uzuJSV3Q=\" rel=\"nofollow\" target=\"_blank\">www.bydenergy.com<\/a><a href=\"https:\/\/www.globenewswire.com\/Tracker?data=KjHfegVc9jqrufbdBj27jZ9f4jYURT62IlLt-kPukUIIiYktSEYgTseDm6IiU_L4UDGlULBp8pOrB852w4aKtP7VfhtQBwcmBUv0i8oBl2VBVIwzsg2z9tEUNWRymSzDbRcXCvpiEkbMjgYT3BxaUetUYVm4bsjWm6QkgDu7TWcQSoVspE0fNaCX_KfmXpjEEJljnZohN7N7-mENMUUwXe__aH2A16GGKfQZNuRq-mZ_HEEFKfOSE0nJu1zbcJebuPKqAWUhzWL-9bIq3KmetuqdcJYCAMsZYLUbOnNWXn9bkW67f6jKuEJA_NnB_EUhZuxduSJ8H23IIyMqkAkM49S1icArqnKkIXv-NG2oAyWsI8K8IIKp3QV6dmYp1-yR\" rel=\"nofollow\" target=\"_blank\"><br \/><\/a><a href=\"https:\/\/www.globenewswire.com\/Tracker?data=bH5Jo1m--2zhMW38KHNX3BoTVBGnOpG3UTmAfWO9ZWmqstzAjnO6F1nVA33yHTxR-PY6eEbKUXwTRQzYs8voGwKwyKEViXoCS0ijzb6gy40=\" rel=\"nofollow\" target=\"_blank\">www.batterybox.com<\/a><\/p>\n<p>Fotografia dispon\u00edvel:\u00a0<a href=\"https:\/\/www.globenewswire.com\/Tracker?data=kGZuMPZfdDC_3krp5_T9RfsLb8RMU_wYdvXl-OIbrFRpxr5h3ioN29Vh5Uy-jDuUNiV0fluRMyVsMp-rwun4CPUGYDaA3F_blUucsRHQQXeZb1yhpe4cDzAzCLFd4Rrt9nB_YIWFSqndALSO-KkFneoWgOEYVAjqtCWitbh85UMjHztEvB3ASmaMDEAggNt_6bu2SSdP0Os2uAC44OvyyLoIrZxZfiF4UoMk2vUPu5wuWkL03OP1oq0omDwLN4ja70uXtQhT2v7pO4-vwbIbeA==\" rel=\"nofollow\" target=\"_blank\">https:\/\/www.globenewswire.com\/NewsRoom\/AttachmentNg\/af385434-ffba-4663-a424-acf9b43726d2<\/a><\/p>\n<p>V\u00eddeo dispon\u00edvel:\u00a0<a href=\"https:\/\/www.globenewswire.com\/Tracker?data=kGZuMPZfdDC_3krp5_T9RfsLb8RMU_wYdvXl-OIbrFRpxr5h3ioN29Vh5Uy-jDuU-itFlUld8tTyQRORUQ6oNhNaXuJANlV5ObrpPz7Tmx3UKo2_UKB-abnhV-nJSO0dc1epjPPibw1d_M2y4sRsH30BzDHuXT5bHkZ_3o_hPBSMEZEI3lZFhwG7N6zNT7yMYW-Uky__N860-0YvjE_xPmhMES7mTjxC2cV7NpI1ej3skiqNqAEeJQeKiNdzdxeALHwLTUEjWKcBXO0MQ6leAg==\" rel=\"nofollow\" target=\"_blank\">https:\/\/www.globenewswire.com\/NewsRoom\/AttachmentNg\/84e6db77-afd8-479c-88bd-f655b1ff3a99<\/a><\/p>\n<p> <img decoding=\"async\" alt=\"\" class=\"__GNW8366DE3E__IMG\" src=\"https:\/\/www.globenewswire.com\/newsroom\/ti?nf=OTI3NjIwNCM2NTg2ODEwIzIyOTIzOTM=\" \/> <br \/><img decoding=\"async\" alt=\"\" src=\"https:\/\/ml.globenewswire.com\/media\/MGE4MjBiODYtZjk5YS00MTFkLTg2MGEtODRkODhiNWNiOTY3LTEzMDM5NDM=\/tiny\/BYD-Auto-Industry-Company-Limi.png\" \/><br \/>\n<a href=\"https:\/\/www.globenewswire.com\/NewsRoom\/AttachmentNg\/1b5aab30-f0aa-4b24-855b-9bea57e43178\"><img loading=\"lazy\" decoding=\"async\" src=\"https:\/\/ml.globenewswire.com\/media\/1b5aab30-f0aa-4b24-855b-9bea57e43178\/small\/byd-energy-storage-png.png\" border=\"0\" width=\"150\" height=\"41\" alt=\"Primary Logo\" \/><\/a><\/p>\n<p>A <b>OESP<\/b> nao e(sao) responsavel(is) por erros, incorrecoes, atrasos ou quaisquer decisoes tomadas por seus clientes com base nos Conteudos ora disponibilizados, bem como tais Conteudos nao representam a opiniao da <b>OESP<\/b> e sao de inteira responsabilidade da <b>GlobeNewswire<\/b><\/p>\n","protected":false},"excerpt":{"rendered":"SHENZHEN, China, Nov.  19, 2024  (GLOBE NEWSWIRE) &#8212; A BYD Co. Ltd., amplia o programa de parceria para as solu\u00e7\u00f5es de armazenamento de energia da BYD. Como parte do progra","protected":false},"author":1,"featured_media":0,"comment_status":"open","ping_status":"closed","sticky":false,"template":"","format":"standard","meta":{"_acf_changed":false,"inline_featured_image":false,"_monsterinsights_skip_tracking":false,"_monsterinsights_sitenote_active":false,"_monsterinsights_sitenote_note":"","_monsterinsights_sitenote_category":0,"footnotes":""},"categories":[34],"tags":[],"class_list":["post-103337","post","type-post","status-publish","format-standard","hentry","category-releases-geral"],"acf":[],"_links":{"self":[{"href":"https:\/\/bluestudio.estadao.com.br\/agencia-de-comunicacao\/wp-json\/wp\/v2\/posts\/103337","targetHints":{"allow":["GET"]}}],"collection":[{"href":"https:\/\/bluestudio.estadao.com.br\/agencia-de-comunicacao\/wp-json\/wp\/v2\/posts"}],"about":[{"href":"https:\/\/bluestudio.estadao.com.br\/agencia-de-comunicacao\/wp-json\/wp\/v2\/types\/post"}],"author":[{"embeddable":true,"href":"https:\/\/bluestudio.estadao.com.br\/agencia-de-comunicacao\/wp-json\/wp\/v2\/users\/1"}],"replies":[{"embeddable":true,"href":"https:\/\/bluestudio.estadao.com.br\/agencia-de-comunicacao\/wp-json\/wp\/v2\/comments?post=103337"}],"version-history":[{"count":0,"href":"https:\/\/bluestudio.estadao.com.br\/agencia-de-comunicacao\/wp-json\/wp\/v2\/posts\/103337\/revisions"}],"wp:attachment":[{"href":"https:\/\/bluestudio.estadao.com.br\/agencia-de-comunicacao\/wp-json\/wp\/v2\/media?parent=103337"}],"wp:term":[{"taxonomy":"category","embeddable":true,"href":"https:\/\/bluestudio.estadao.com.br\/agencia-de-comunicacao\/wp-json\/wp\/v2\/categories?post=103337"},{"taxonomy":"post_tag","embeddable":true,"href":"https:\/\/bluestudio.estadao.com.br\/agencia-de-comunicacao\/wp-json\/wp\/v2\/tags?post=103337"}],"curies":[{"name":"wp","href":"https:\/\/api.w.org\/{rel}","templated":true}]}}