{"id":103202,"date":"2024-11-14T10:12:00","date_gmt":"2024-11-14T13:12:00","guid":{"rendered":"https:\/\/bluestudio.estadao.com.br\/agencia-de-comunicacao\/releases\/releases-geral\/a-eaaci-lancara-o-dia-mundial-de-conscientizacao-sobre-a-anafilaxia-em-21-de-novembro-na-faam-eurobat-2024\/"},"modified":"2024-11-14T10:12:00","modified_gmt":"2024-11-14T13:12:00","slug":"a-eaaci-lancara-o-dia-mundial-de-conscientizacao-sobre-a-anafilaxia-em-21-de-novembro-na-faam-eurobat-2024","status":"publish","type":"post","link":"https:\/\/bluestudio.estadao.com.br\/agencia-de-comunicacao\/releases\/releases-geral\/a-eaaci-lancara-o-dia-mundial-de-conscientizacao-sobre-a-anafilaxia-em-21-de-novembro-na-faam-eurobat-2024\/","title":{"rendered":"A EAACI lan\u00e7ar\u00e1 o Dia Mundial de Conscientiza\u00e7\u00e3o sobre a Anafilaxia em 21 de novembro na FAAM-EUROBAT 2024"},"content":{"rendered":"<p><b>European Academy of Allergy and Clinical Immunology<\/b><\/p>\n<p align=\"center\"><img loading=\"lazy\" decoding=\"async\" alt=\"Use this banner at the head of the Press release\" data-mce-selected=\"1\" height=\"83\" src=\"https:\/\/ml-eu.globenewswire.com\/Resource\/Download\/c27c467a-b7bf-4bfa-8f57-3cd3111da23b\/email-banner.png\" width=\"600\" \/><\/p>\n<p>ATENAS, Gr\u00e9cia, Nov.  14, 2024  (GLOBE NEWSWIRE) &#8212; A European Academy of Allergy and Clinical Immunology (EAACI) tem o orgulho de anunciar o primeiro\u00a0<strong>Dia Mundial de Conscientiza\u00e7\u00e3o sobre a Anafilaxia<\/strong>\u00a0em\u00a0<strong>21 de novembro de 2024<\/strong>. Esta iniciativa hist\u00f3rica, realizada no dia de abertura da\u00a0<strong>FAAM-EUROBAT 2024<\/strong>\u00a0em Atenas, Gr\u00e9cia, busca conscientizar e promover medidas essenciais na preven\u00e7\u00e3o e gerenciamento da anafilaxia, uma rea\u00e7\u00e3o al\u00e9rgica grave e potencialmente fatal.<\/p>\n<p>A anafilaxia afeta aproximadamente de 1 a 2% da popula\u00e7\u00e3o global, com incidentes em ascens\u00e3o em todo o mundo. Essa rea\u00e7\u00e3o al\u00e9rgica grave requer interven\u00e7\u00e3o m\u00e9dica imediata e geralmente decorre da exposi\u00e7\u00e3o a al\u00e9rgenos comuns, incluindo alimentos espec\u00edficos, picadas de insetos, medicamentos ou l\u00e1tex. Apesar dos riscos, a conscientiza\u00e7\u00e3o sobre os sintomas, causas e respostas de emerg\u00eancia da anafilaxia permanece baixa.\u00a0O <strong>Dia Mundial de Conscientiza\u00e7\u00e3o sobre a Anafilaxia<\/strong>\u00a0aborda essas lacunas de conhecimento e promove uma compreens\u00e3o global desse problema cr\u00edtico de sa\u00fade.<\/p>\n<p>Por meio de v\u00e1rias atividades educacionais, o Dia Mundial de Conscientiza\u00e7\u00e3o sobre a Anafilaxia ressaltar\u00e1 a import\u00e2ncia de respostas imediatas de emerg\u00eancia e medidas preventivas. A EAACI convida profissionais m\u00e9dicos, sociedades de alergia e partes interessadas em todo o mundo a participar e amplificar a mensagem em suas comunidades.<\/p>\n<p>Em conjunto com este dia, a EAACI tamb\u00e9m lan\u00e7ar\u00e1\u00a0<strong>&#8220;Um Guia Pr\u00e1tico para Pacientes&#8221;,<\/strong>\u00a0um recurso abrangente desenvolvido para apoiar pacientes e cuidadores na compreens\u00e3o, gerenciamento e preven\u00e7\u00e3o de rea\u00e7\u00f5es anafil\u00e1ticas. Este guia oferece informa\u00e7\u00f5es pr\u00e1ticas sobre como identificar gatilhos, usar autoinjetores de adrenalina corretamente e criar planos de a\u00e7\u00e3o personalizados para gerenciar riscos na vida cotidiana.<\/p>\n<p>&#8220;Estamos entusiasmados em lan\u00e7ar o Dia Mundial de Conscientiza\u00e7\u00e3o sobre a Anafilaxia como parte da FAAM-EUROBAT 2024&#8221;, disse a Dra. Maria Torres, presidente da EAACI. &#8220;Com esta iniciativa, esperamos capacitar pacientes, fam\u00edlias e profissionais de sa\u00fade com o conhecimento e as ferramentas para prevenir e responder \u00e0 anafilaxia. Este \u00e9 um passo essencial para melhorar o atendimento ao paciente e reduzir o impacto dessa grave condi\u00e7\u00e3o de sa\u00fade.&#8221;<\/p>\n<p>A <strong>FAAM-EUROBAT 2024<\/strong>, o renomado Encontro de Alergia Alimentar e Anafilaxia da EAACI, acontecer\u00e1 de 21 a 23 de novembro, apresentando l\u00edderes globais em pesquisa e tratamento de alergia. O Dia Mundial de Conscientiza\u00e7\u00e3o sobre a Anafilaxia servir\u00e1 como um momento importante dentro da confer\u00eancia para destacar o compromisso da EAACI com a seguran\u00e7a do paciente e a conscientiza\u00e7\u00e3o sobre alergias.<\/p>\n<p>Para mais informa\u00e7\u00f5es sobre o Dia Mundial de Conscientiza\u00e7\u00e3o sobre Anafilaxia ou o &#8220;Guia Pr\u00e1tico para Pacientes&#8221;, acesse o\u00a0<a href=\"https:\/\/www.globenewswire.com\/Tracker?data=rsG2BgJzEfeNUUVa8MyldrkNayKqi4CGF-oKd5JsRBVorxzLhGqQPgPUIKvFsM0T9aBHLwe-QxaQZNvlEX0OaSvevqhCC0z0qlTvvM7W1n7NCaO9ptYP_T3vsQKPYE59bEL3EoDR5ANSBVKMSI9cAPAFGAyUIIWhBpSFeKjDVDziG4zpk9wjzg-KKXu4vtdC\" rel=\"nofollow\" target=\"_blank\">site do Dia de Conscientiza\u00e7\u00e3o sobre Anafilaxia da EAACI<\/a>.<\/p>\n<p><a href=\"https:\/\/www.globenewswire.com\/Tracker?data=GDzR4HGvWRE-hSVb-C76dgeQWEQl1z_G-CHPwZXD46Qy5ICJlkDrP0F_i2vr7drDvXbCncIt2CV1OVo8uXwZ61UtivR_ck_VnwLhzRTWMRaxpb-0nhfFE_W1mCoW0QwYTU9bg1Wp-FEyDuwYZoRRtmtEe57XNJ2xybDUA0Ie-Yo=\" rel=\"nofollow\" target=\"_blank\">https:\/\/eaaci.org\/events_meetings\/faam-2024\/<\/a><\/p>\n<p><a href=\"https:\/\/www.globenewswire.com\/Tracker?data=GDzR4HGvWRE-hSVb-C76dkSccG9xk-B7b0n8YPJbHBn2NK5KvZ20ieDqzF8m2zta6rDKIOBuFaeqAtNRVCw0mX8CtoQYoE2bMbrV9KMlKcXp2Kb5wi8JutsD9yseFyIh\" rel=\"nofollow\" target=\"_blank\">https:\/\/eaaci.org\/about-eaaci\/<\/a><\/p>\n<p>Assessoria de imprensa:<\/p>\n<p><a href=\"https:\/\/www.globenewswire.com\/Tracker?data=riLnw0Yx1APzF1ZwF2nprsu9AVJ8R0ROy1ArVDqETD3HBPgo6jSq6M-954S2XdhDKX6fA82uoDMaZF5Y3lTSPP6TPaozwqZFnAIEl4pWAWI=\" rel=\"nofollow\" target=\"_blank\">maria.cubel@eaaci.org<\/a><a href=\"https:\/\/www.globenewswire.com\/Tracker?data=UBxMxejsZF1GAtLirrWjFIpTCRjp1fDZnFKQkh8em1JcR32bGHX0JrGwsO_3_hCWAbABrDnOKkZSvbdTMmLBTw==\" rel=\"nofollow\" target=\"_blank\"><br \/><\/a>+ 41 44 205 55 39<\/p>\n<p align=\"center\"><img loading=\"lazy\" decoding=\"async\" alt=\"Use these images at on the button of the press release\" height=\"102\" src=\"https:\/\/ml-eu.globenewswire.com\/Resource\/Download\/99c39d50-e140-468f-adbd-7255c9850f7b\/linkedin-banner-1128x191.png\" width=\"600\" \/><\/p>\n<p>As fotos que acompanham este an\u00fancio est\u00e3o dispon\u00edveis em:<br \/><a href=\"https:\/\/www.globenewswire.com\/Tracker?data=GDzR4HGvWRE-hSVb-C76dn2vCcWA4FaThuCjjmkGlArKFWEXcnRtQrnsy0PQ-4dsGM-YPRpPQxPC8lhwPW245-RjAXUv70q-Ur9OrQicrEM00NUM2583c5a9PZoIYMc1CQ3cto4dWgm6v3Le015lPaTuATQzr-lZfPGA7FTDY1PPuhVvQBSIrYnMnR3LLZW0leKS_hqubJGWnauDo9GoXFhbi-5oTlpsKKbwdDWKhIj3GgtK1dmQ_1MfbPHjHoexpZ-DbRPZZkNmknNqwX39-w==\" rel=\"nofollow\" target=\"_blank\">https:\/\/www.globenewswire.com\/NewsRoom\/AttachmentNg\/c27c467a-b7bf-4bfa-8f57-3cd3111da23b<\/a><a href=\"https:\/\/www.globenewswire.com\/Tracker?data=AGyHR3t9qP9-R_4-pwyTHwPh-qtO30-oWnYESdEwS-MBTdD5r6S_mkIz_EpdhjDbbod94FsNJl-W_ar9rFyfaIhzmGhN33Ch0QscZsZpPQ8P_H1GB-KIVbsWOMJvzOGCPwhs0Cjti_NTWfJwimaX59yoTf6nFbM6Z5e6d2VmUH4=\" rel=\"nofollow\" target=\"_blank\"><br \/><\/a><a href=\"https:\/\/www.globenewswire.com\/Tracker?data=GDzR4HGvWRE-hSVb-C76dn2vCcWA4FaThuCjjmkGlArKFWEXcnRtQrnsy0PQ-4dsGM-YPRpPQxPC8lhwPW2457iCYaOpNZYoSSx0c-cxYNU5yftJvH9CdcXJx00XFcPET3cCgnUutq2OETYUyfjZdUE7Ttkj-AKoH-r0oUjLXpgrwTyXk1Kk4ezUM0uukJ3Gh9qQ8nNyNcFIMIT-UDJOhcKCMHvRiJBN5c2gEUbabUSWThv90gKdEJAiqFFdWpetHR7BZU7A5ajqPyxKE5PadQ==\" rel=\"nofollow\" target=\"_blank\">https:\/\/www.globenewswire.com\/NewsRoom\/AttachmentNg\/99c39d50-e140-468f-adbd-7255c9850f7b<\/a><\/p>\n<p>  <img decoding=\"async\" class=\"__GNW8366DE3E__IMG\" src=\"https:\/\/www.globenewswire.com\/newsroom\/ti?nf=MTAwMTAxMzI0OCM0MDE5ODYxNjEjMjI2MTMzNw==\" \/> <br \/><img decoding=\"async\" src=\"https:\/\/ml-eu.globenewswire.com\/media\/NTM3OWI5OWQtNzQxMC00NDg2LTgxMzUtYTQ3ZmU2NzcxN2VhLTEyNzI4ODc=\/tiny\/European-Academy-of-Allergy-an.png\" \/><br \/>\n<a href=\"https:\/\/www.globenewswire.com\/NewsRoom\/AttachmentNg\/f4b92ae8-0022-43fa-b8a3-bbe4246a45cd\"><img loading=\"lazy\" decoding=\"async\" src=\"https:\/\/ml-eu.globenewswire.com\/media\/f4b92ae8-0022-43fa-b8a3-bbe4246a45cd\/small\/eaaci-logo-png.png\" border=\"0\" width=\"150\" height=\"34\" alt=\"Primary Logo\" \/><\/a><\/p>\n<p>A <b>OESP<\/b> nao e(sao) responsavel(is) por erros, incorrecoes, atrasos ou quaisquer decisoes tomadas por seus clientes com base nos Conteudos ora disponibilizados, bem como tais Conteudos nao representam a opiniao da <b>OESP<\/b> e sao de inteira responsabilidade da <b>GlobeNewswire<\/b><\/p>\n","protected":false},"excerpt":{"rendered":"ATENAS, Gr\u00e9cia, Nov.  14, 2024  (GLOBE NEWSWIRE) &#8212; A European Academy of Allergy and Clinical Immunology (EAACI) tem o orgulho de anunciar o primei","protected":false},"author":1,"featured_media":0,"comment_status":"open","ping_status":"closed","sticky":false,"template":"","format":"standard","meta":{"_acf_changed":false,"inline_featured_image":false,"_monsterinsights_skip_tracking":false,"_monsterinsights_sitenote_active":false,"_monsterinsights_sitenote_note":"","_monsterinsights_sitenote_category":0,"footnotes":""},"categories":[34],"tags":[],"class_list":["post-103202","post","type-post","status-publish","format-standard","hentry","category-releases-geral"],"acf":[],"_links":{"self":[{"href":"https:\/\/bluestudio.estadao.com.br\/agencia-de-comunicacao\/wp-json\/wp\/v2\/posts\/103202","targetHints":{"allow":["GET"]}}],"collection":[{"href":"https:\/\/bluestudio.estadao.com.br\/agencia-de-comunicacao\/wp-json\/wp\/v2\/posts"}],"about":[{"href":"https:\/\/bluestudio.estadao.com.br\/agencia-de-comunicacao\/wp-json\/wp\/v2\/types\/post"}],"author":[{"embeddable":true,"href":"https:\/\/bluestudio.estadao.com.br\/agencia-de-comunicacao\/wp-json\/wp\/v2\/users\/1"}],"replies":[{"embeddable":true,"href":"https:\/\/bluestudio.estadao.com.br\/agencia-de-comunicacao\/wp-json\/wp\/v2\/comments?post=103202"}],"version-history":[{"count":0,"href":"https:\/\/bluestudio.estadao.com.br\/agencia-de-comunicacao\/wp-json\/wp\/v2\/posts\/103202\/revisions"}],"wp:attachment":[{"href":"https:\/\/bluestudio.estadao.com.br\/agencia-de-comunicacao\/wp-json\/wp\/v2\/media?parent=103202"}],"wp:term":[{"taxonomy":"category","embeddable":true,"href":"https:\/\/bluestudio.estadao.com.br\/agencia-de-comunicacao\/wp-json\/wp\/v2\/categories?post=103202"},{"taxonomy":"post_tag","embeddable":true,"href":"https:\/\/bluestudio.estadao.com.br\/agencia-de-comunicacao\/wp-json\/wp\/v2\/tags?post=103202"}],"curies":[{"name":"wp","href":"https:\/\/api.w.org\/{rel}","templated":true}]}}