{"id":102494,"date":"2024-10-31T07:27:00","date_gmt":"2024-10-31T10:27:00","guid":{"rendered":"https:\/\/bluestudio.estadao.com.br\/agencia-de-comunicacao\/prnewswire\/prnewsinternacional\/axor-faz-sua-grande-estreia-na-eicma-2024-milao-um-palco-global-para-inovacao-e-seguranca-dos-pilotos\/"},"modified":"2024-10-31T07:27:00","modified_gmt":"2024-10-31T10:27:00","slug":"axor-faz-sua-grande-estreia-na-eicma-2024-milao-um-palco-global-para-inovacao-e-seguranca-dos-pilotos","status":"publish","type":"post","link":"https:\/\/bluestudio.estadao.com.br\/agencia-de-comunicacao\/prnewswire\/prnewsinternacional\/axor-faz-sua-grande-estreia-na-eicma-2024-milao-um-palco-global-para-inovacao-e-seguranca-dos-pilotos\/","title":{"rendered":"AXOR faz sua grande estreia na EICMA 2024, Mil\u00e3o: um palco global para inova\u00e7\u00e3o e seguran\u00e7a dos pilotos"},"content":{"rendered":"<p><b>PR NEWSWIRE<\/b><\/p>\n<div class=\"xn-content\">\n<span class=\"legendSpanClass\">BELGAUM, \u00cdndia<\/span>, <span class=\"legendSpanClass\">31 de outubro de 2024<\/span> \/PRNewswire\/ &#8212; A\u00a0AXOR, marca l\u00edder internacional em capacetes e subsidi\u00e1ria da renomada <a href=\"http:\/\/www.vegaauto.com\/\" target=\"_blank\" rel=\"nofollow noopener\"> VEGA Auto<\/a>, est\u00e1 se preparando para sua t\u00e3o esperada estreia na EICMA 2024, a maior exposi\u00e7\u00e3o de motocicletas do mundo, realizada em Mil\u00e3o, It\u00e1lia. Isso \u00e9 um marco significativo para a AXOR, mostrando seu compromisso com a seguran\u00e7a, o estilo e a tecnologia de ponta em uma plataforma global.<\/p>\n<div id=\"prni_dvprnejpg99e9left\" dir=\"ltr\" style=\"width: 100%;text-align: left\"><img decoding=\"async\" id=\"prnejpg99e9left\" title=\"Axor_Logo\" src=\"https:\/\/mma.prnewswire.com\/media\/2544619\/Axor_Logo.jpg\" alt=\"Axor_Logo\" align=\"middle\" \/><\/div>\n<p>Do Come\u00e7o Humilde ao Reconhecimento Global:<\/p>\n<p>Fundada em 2015, a AXOR se estabeleceu rapidamente como uma marca confi\u00e1vel para entusiastas de motocicletas em 35 pa\u00edses. Com foco em equipamentos e acess\u00f3rios de prote\u00e7\u00e3o de alta qualidade, a AXOR prioriza a seguran\u00e7a do piloto e experi\u00eancias de pilotagem excepcionais. \u00a0<\/p>\n<p>EICMA 2024: Uma plataforma para inova\u00e7\u00e3o e conex\u00e3o<\/p>\n<p>A EICMA oferece \u00e0 AXOR o palco perfeito para apresentar seus mais recentes avan\u00e7os a um p\u00fablico global. Este prestigiado evento atrai n\u00e3o apenas entusiastas de motocicletas, mas tamb\u00e9m especialistas e distribuidores do setor, criando uma oportunidade \u00fanica de exposi\u00e7\u00e3o e networking da marca. \u00a0<\/p>\n<p>Elevando a experi\u00eancia do piloto: revelando as \u00faltimas inova\u00e7\u00f5es<\/p>\n<p>A presen\u00e7a da AXOR na EICMA significa uma dedica\u00e7\u00e3o em ultrapassar os limites na tecnologia de capacetes e na prote\u00e7\u00e3o do piloto. Os visitantes do estande da AXOR (Hall 24, Estande N\u00famero E82) ser\u00e3o presenteados com uma vitrine <b>\u00a0da s\u00e9rie retro de couro artesanal <\/b>das mais recentes inova\u00e7\u00f5es da marca, incluindo:<\/p>\n<ul type=\"disc\">\n<li>Brutale<\/li>\n<li>Saber<\/li>\n<li>Dominador<\/li>\n<li>Ladino<\/li>\n<\/ul>\n<p>Expans\u00e3o do Alcance e Forjamento de Parcerias:<\/p>\n<p>A participa\u00e7\u00e3o da AXOR na EICMA reflete sua ambi\u00e7\u00e3o de ampliar sua presen\u00e7a no mercado global. O evento apresenta uma oportunidade estrat\u00e9gica para se conectar com potenciais distribuidores e fortalecer as parcerias existentes, solidificando ainda mais a posi\u00e7\u00e3o da AXOR como um dos principais players na ind\u00fastria de capacetes para motocicletas.<\/p>\n<p>Uma marca constru\u00edda sobre qualidade e inova\u00e7\u00e3o:<\/p>\n<p>Desde a sua cria\u00e7\u00e3o, a AXOR priorizou rigorosos processos de teste e certifica\u00e7\u00e3o para garantir a conformidade global. Esse foco inabal\u00e1vel na qualidade, juntamente com uma presen\u00e7a global em r\u00e1pida expans\u00e3o, posiciona a AXOR como uma marca sin\u00f4nimo de excel\u00eancia e seguran\u00e7a do piloto.<\/p>\n<p>Experi\u00eancia AXOR na EICMA 2024:<\/p>\n<p>Os participantes da EICMA 2024 s\u00e3o convidados a visitar o estande da AXOR (Hall 24, Estande N\u00famero E82) para experimentar em primeira m\u00e3o a abordagem inovadora da marca \u00e0 prote\u00e7\u00e3o do piloto. A AXOR est\u00e1 empenhada em promover conex\u00f5es duradouras com as partes interessadas do setor e com os passageiros, ao mesmo tempo em que refor\u00e7a a promessa de excel\u00eancia, seguran\u00e7a e conforto incompar\u00e1vel da marca.<\/p>\n<p>Para obter mais informa\u00e7\u00f5es sobre a AXOR e sua participa\u00e7\u00e3o na EICMA 2024, acesse\u00a0<a href=\"https:\/\/www.google.com\/url?sa=E&amp;source=gmail&amp;q=https:\/\/www.axorhelmets.com\" target=\"_blank\" rel=\"nofollow noopener\"> www.axorhelmets.com<\/a><\/p>\n<p>Contato: \u00a0Qurrattulain Choudhary, <a href=\"mailto:qurrattulain@vegaauto.com\" target=\"_blank\" rel=\"nofollow noopener\"> qurrattulain@vegaauto.com<\/a>\u00a0<\/p>\n<p>Logo &#8211; <a href=\"https:\/\/mma.prnewswire.com\/media\/2544619\/Axor_Logo.jpg\" target=\"_blank\" rel=\"nofollow noopener\"> https:\/\/mma.prnewswire.com\/media\/2544619\/Axor_Logo.jpg<\/a><\/p>\n<p>\u00a0<\/p>\n<p id=\"PURL\"><img loading=\"lazy\" decoding=\"async\" title=\"Cision\" width=\"12\" height=\"12\" alt=\"Cision\" src=\"https:\/\/c212.net\/c\/img\/favicon.png?sn=PT44331&amp;sd=2024-10-31\" \/> View original content:<a id=\"PRNURL\" rel=\"nofollow noopener\" href=\"https:\/\/www.prnewswire.com\/br\/comunicados-para-a-imprensa\/axor-faz-sua-grande-estreia-na-eicma-2024-milao-um-palco-global-para-inovacao-e-seguranca-dos-pilotos-302292750.html\" target=\"_blank\">https:\/\/www.prnewswire.com\/br\/comunicados-para-a-imprensa\/axor-faz-sua-grande-estreia-na-eicma-2024-milao-um-palco-global-para-inovacao-e-seguranca-dos-pilotos-302292750.html<\/a><\/p>\n<p>FONTE  Vega Auto Accessories Pvt Ltd<\/p>\n<\/div>\n<p><img decoding=\"async\" alt=\"\" src=\"https:\/\/rt.prnewswire.com\/rt.gif?NewsItemId=PT44331&amp;Transmission_Id=202410310613PR_NEWS_LATAM____PT44331&amp;DateId=20241031\" style=\"border:0px;width:1px;height:1px\" \/><\/p>\n<p>A <b>OESP<\/b> n\u00e3o \u00e9(s\u00e3o) respons\u00e1vel(is) por erros, incorre\u00e7\u00f5es, atrasos ou quaisquer decis\u00f5es tomadas por seus clientes com base nos Conte\u00fados ora disponibilizados, bem como tais Conte\u00fados n\u00e3o representam a opini\u00e3o da <b>OESP<\/b> e s\u00e3o de inteira responsabilidade da <b>PR Newswire Ltda<\/b><\/p>\n","protected":false},"excerpt":{"rendered":"A\u00a0AXOR, marca l\u00edder internacional em capacetes e subsidi\u00e1ria da renomada  VEGA Auto, est\u00e1 se preparando para sua t\u00e3o esperada estreia na EICMA 2024, a maior exposi\u00e7\u00e3o de motocicle","protected":false},"author":1,"featured_media":0,"comment_status":"open","ping_status":"closed","sticky":false,"template":"","format":"standard","meta":{"_acf_changed":false,"inline_featured_image":false,"_monsterinsights_skip_tracking":false,"_monsterinsights_sitenote_active":false,"_monsterinsights_sitenote_note":"","_monsterinsights_sitenote_category":0,"footnotes":""},"categories":[31],"tags":[],"class_list":["post-102494","post","type-post","status-publish","format-standard","hentry","category-prnewsinternacional"],"acf":[],"_links":{"self":[{"href":"https:\/\/bluestudio.estadao.com.br\/agencia-de-comunicacao\/wp-json\/wp\/v2\/posts\/102494","targetHints":{"allow":["GET"]}}],"collection":[{"href":"https:\/\/bluestudio.estadao.com.br\/agencia-de-comunicacao\/wp-json\/wp\/v2\/posts"}],"about":[{"href":"https:\/\/bluestudio.estadao.com.br\/agencia-de-comunicacao\/wp-json\/wp\/v2\/types\/post"}],"author":[{"embeddable":true,"href":"https:\/\/bluestudio.estadao.com.br\/agencia-de-comunicacao\/wp-json\/wp\/v2\/users\/1"}],"replies":[{"embeddable":true,"href":"https:\/\/bluestudio.estadao.com.br\/agencia-de-comunicacao\/wp-json\/wp\/v2\/comments?post=102494"}],"version-history":[{"count":0,"href":"https:\/\/bluestudio.estadao.com.br\/agencia-de-comunicacao\/wp-json\/wp\/v2\/posts\/102494\/revisions"}],"wp:attachment":[{"href":"https:\/\/bluestudio.estadao.com.br\/agencia-de-comunicacao\/wp-json\/wp\/v2\/media?parent=102494"}],"wp:term":[{"taxonomy":"category","embeddable":true,"href":"https:\/\/bluestudio.estadao.com.br\/agencia-de-comunicacao\/wp-json\/wp\/v2\/categories?post=102494"},{"taxonomy":"post_tag","embeddable":true,"href":"https:\/\/bluestudio.estadao.com.br\/agencia-de-comunicacao\/wp-json\/wp\/v2\/tags?post=102494"}],"curies":[{"name":"wp","href":"https:\/\/api.w.org\/{rel}","templated":true}]}}