{"id":101660,"date":"2024-10-16T11:42:00","date_gmt":"2024-10-16T14:42:00","guid":{"rendered":"https:\/\/bluestudio.estadao.com.br\/agencia-de-comunicacao\/prnewswire\/prnewseconomia\/bluetti-lanca-campanha-primavera-de-aventura-para-promover-energia-limpa-em-atividades-ao-ar-livre-no-brasil-3\/"},"modified":"2024-10-16T11:42:00","modified_gmt":"2024-10-16T14:42:00","slug":"bluetti-lanca-campanha-primavera-de-aventura-para-promover-energia-limpa-em-atividades-ao-ar-livre-no-brasil-3","status":"publish","type":"post","link":"https:\/\/bluestudio.estadao.com.br\/agencia-de-comunicacao\/prnewswire\/prnewseconomia\/bluetti-lanca-campanha-primavera-de-aventura-para-promover-energia-limpa-em-atividades-ao-ar-livre-no-brasil-3\/","title":{"rendered":"BLUETTI Lan\u00e7a Campanha &#8220;Primavera de Aventura&#8221; para Promover Energia Limpa em Atividades ao Ar Livre no Brasil"},"content":{"rendered":"<p><b>PR NEWSWIRE<\/b><\/p>\n<div class=\"xn-content\">\n<span class=\"legendSpanClass\">S\u00c3O PAULO<\/span>, <span class=\"legendSpanClass\">16 de outubro de 2024<\/span> \/PRNewswire\/ &#8212; A BLUETTI est\u00e1 lan\u00e7ando a campanha &#8220;<a href=\"https:\/\/br.bluettipower.com\/pages\/primavera-lancamento?utm_source=pr%20newswire&amp;utm_medium=newsmedia&amp;utm_campaign=primavera\" target=\"_blank\" rel=\"nofollow noopener\"><span class=\"xn-person\">Primavera de Aventura<\/span><\/a>&#8221; no Brasil, de 16 de outubro a 5 de novembro, com o tema &#8220;Desperte o Explorador em Voc\u00ea com BLUETTI nesta Primavera&#8221;. A campanha promove a sustentabilidade e incentiva os participantes a explorar as paisagens brasileiras, compartilhando suas aventuras ao ar livre para concorrer a pr\u00eamios, como um iPhone 16 Pro e esta\u00e7\u00f5es de energia BLUETTI.<\/p>\n<div class=\"PRN_ImbeddedAssetReference\" id=\"DivAssetPlaceHolder9562\">\n<a href=\"https:\/\/mma.prnewswire.com\/media\/2529804\/image_5010913_30598395.html\" target=\"_blank\" rel=\"nofollow noopener\"><img decoding=\"async\" src=\"https:\/\/mma.prnewswire.com\/media\/2529804\/image_5010913_30598395.jpg\" title=\"\" alt=\"\" \/><\/a><\/p>\n<\/div>\n<p><b>Cap\u00edtulo 1 (16-29 de outubro):<\/b><br \/>&#8220;Conforto em <span class=\"xn-person\">Cada Jornada<\/span>&#8221; destaca como se manter confort\u00e1vel durante trilhas e acampamentos. As esta\u00e7\u00f5es port\u00e1teis BLUETTI <a href=\"https:\/\/br.bluettipower.com\/products\/eb3a-estacao-de-energia-portatil?utm_source=pr%20newswire&amp;utm_medium=newsmedia&amp;utm_campaign=primavera\" target=\"_blank\" rel=\"nofollow noopener\">EB3A<\/a> e <a href=\"https:\/\/br.bluettipower.com\/products\/eb70s-estacao-de-energia-portatil?utm_source=pr%20newswire&amp;utm_medium=newsmedia&amp;utm_campaign=primavera\" target=\"_blank\" rel=\"nofollow noopener\">EB70S<\/a> s\u00e3o apresentadas como companheiras ideais, pois podem alimentar v\u00e1rios dispositivos ao mesmo tempo.<\/p>\n<p><b>Cap\u00edtulo 2 (30 de outubro &#8211; 5 de novembro):<\/b><br \/>&#8220;Viva a Energia do Ar Livre&#8221; foca em atividades ao ar livre, como v\u00f4lei de praia e churrascos, e incentiva os participantes a compartilhar suas experi\u00eancias usando a esta\u00e7\u00e3o port\u00e1til <a href=\"https:\/\/br.bluettipower.com\/products\/ac180-estacao-de-energia-portatil?utm_source=pr%20newswire&amp;utm_medium=newsmedia&amp;utm_campaign=primavera\" target=\"_blank\" rel=\"nofollow noopener\">BLUETTI AC180<\/a>.<\/p>\n<p><b>Pr\u00eamios:<\/b><\/p>\n<ul type=\"disc\">\n<li><b>1\u00ba Pr\u00eamio:<\/b>\u00a0iPhone 16 Pro, esta\u00e7\u00e3o BLUETTI AC180 e Kit Lifestyle BLUETTI.<\/li>\n<li><b>2\u00ba Pr\u00eamio:<\/b>\u00a0Esta\u00e7\u00f5es BLUETTI EB70S, cupons de <span class=\"xn-money\">R$5.000<\/span> e kits BLUETTI.<\/li>\n<li><b>3\u00ba Pr\u00eamio:<\/b>\u00a0Esta\u00e7\u00f5es BLUETTI EB3A, cupons de <span class=\"xn-money\">R$2.000<\/span> e kits BLUETTI.<\/li>\n<\/ul>\n<p>Todos que enviarem uma foto tem\u00e1tica receber\u00e3o um cupom de <span class=\"xn-money\">R$150<\/span>, e os primeiros 100 ganhar\u00e3o uma bolsa de lona. Haver\u00e1 tamb\u00e9m tr\u00eas sorteios no Instagram.<\/p>\n<p><b>Como Participar:<\/b><\/p>\n<ol type=\"1\">\n<li>Tire fotos tem\u00e1ticas.<\/li>\n<li>Envie-as no site da BLUETTI ou no Instagram.<\/li>\n<li>Acompanhe os an\u00fancios dos vencedores.<\/li>\n<\/ol>\n<p><b>Explore\u00a0com\u00a0a\u00a0BLUETTI\u00a0Nesta\u00a0Primavera<\/b><\/p>\n<p>A\u00a0primavera\u00a0\u00e9\u00a0o\u00a0momento\u00a0ideal\u00a0para\u00a0embarcar\u00a0em\u00a0uma\u00a0aventura\u00a0ecol\u00f3gica\u00a0com\u00a0a\u00a0<a href=\"https:\/\/br.bluettipower.com\/?utm_source=pr%20newswire&amp;utm_medium=newsmedia&amp;utm_campaign=review\" target=\"_blank\" rel=\"nofollow noopener\">BLUETTI<\/a>.\u00a0Com\u00a0suas\u00a0esta\u00e7\u00f5es\u00a0de\u00a0energia\u00a0port\u00e1teis,\u00a0os\u00a0entusiastas\u00a0do\u00a0ar\u00a0livre\u00a0podem\u00a0manter\u00a0seus\u00a0dispositivos\u00a0essenciais\u00a0carregados,\u00a0desde\u00a0telefones\u00a0at\u00e9\u00a0utens\u00edlios\u00a0de\u00a0cozinha.\u00a0Alimentados\u00a0por\u00a0energia\u00a0solar,\u00a0as\u00a0esta\u00e7\u00f5es\u00a0de\u00a0energia\u00a0port\u00e1teis\u00a0BLUETTI\u00a0garantem\u00a0uma\u00a0experi\u00eancia\u00a0ao\u00a0ar\u00a0livre\u00a0sem\u00a0interrup\u00e7\u00f5es,\u00a0permitindo\u00a0que\u00a0os\u00a0exploradores\u00a0aproveitem\u00a0a\u00a0natureza\u00a0sem\u00a0se\u00a0preocupar\u00a0com\u00a0a\u00a0falta\u00a0de\u00a0energia.\u00a0Participe\u00a0para\u00a0ganhar\u00a0esta\u00e7\u00f5es\u00a0de\u00a0energia\u00a0port\u00e1teis\u00a0BLUETTI\u00a0agora\u00a0mesmo.<\/p>\n<div class=\"PRN_ImbeddedAssetReference\" id=\"DivAssetPlaceHolder6695\">\n<a href=\"https:\/\/mma.prnewswire.com\/media\/2455572\/BLUETTI_new_Logo.html\" target=\"_blank\" rel=\"nofollow noopener\"><img decoding=\"async\" src=\"https:\/\/mma.prnewswire.com\/media\/2455572\/BLUETTI_new_Logo.jpg\" title=\"(PRNewsfoto\/BLUETTI ENERGY PTY LTD)\" alt=\"(PRNewsfoto\/BLUETTI ENERGY PTY LTD)\" \/><\/a><\/p>\n<\/div>\n<p>Foto &#8211; <a href=\"https:\/\/mma.prnewswire.com\/media\/2529804\/image_5010913_30598395.jpg\" target=\"_blank\" rel=\"nofollow noopener\">https:\/\/mma.prnewswire.com\/media\/2529804\/image_5010913_30598395.jpg<\/a><br \/>Logotipo &#8211; <a href=\"https:\/\/mma.prnewswire.com\/media\/2455572\/4965785\/BLUETTI_new_Logo.jpg\" target=\"_blank\" rel=\"nofollow noopener\">https:\/\/mma.prnewswire.com\/media\/2455572\/4965785\/BLUETTI_new_Logo.jpg<\/a><\/p>\n<div class=\"PRN_ImbeddedAssetReference\" id=\"DivAssetPlaceHolder0\"><\/div>\n<p id=\"PURL\"><img loading=\"lazy\" decoding=\"async\" title=\"Cision\" width=\"12\" height=\"12\" alt=\"Cision\" src=\"https:\/\/c212.net\/c\/img\/favicon.png?sn=PT30091&amp;sd=2024-10-16\" \/> View original content to download multimedia:<a id=\"PRNURL\" rel=\"nofollow noopener\" href=\"https:\/\/www.prnewswire.com\/br\/comunicados-para-a-imprensa\/bluetti-lanca-campanha-primavera-de-aventura-para-promover-energia-limpa-em-atividades-ao-ar-livre-no-brasil-302275827.html\" target=\"_blank\">https:\/\/www.prnewswire.com\/br\/comunicados-para-a-imprensa\/bluetti-lanca-campanha-primavera-de-aventura-para-promover-energia-limpa-em-atividades-ao-ar-livre-no-brasil-302275827.html<\/a><\/p>\n<p>FONTE  BLUETTI ENERGY <span class=\"xn-location\">BRAZIL<\/span> LTDA<\/p>\n<\/div>\n<p><img decoding=\"async\" alt=\"\" src=\"https:\/\/rt.prnewswire.com\/rt.gif?NewsItemId=PT30091&amp;Transmission_Id=202410161030PR_NEWS_LATAM____PT30091&amp;DateId=20241016\" style=\"border:0px;width:1px;height:1px\" \/><\/p>\n<p>A <b>OESP<\/b> n\u00e3o \u00e9(s\u00e3o) respons\u00e1vel(is) por erros, incorre\u00e7\u00f5es, atrasos ou quaisquer decis\u00f5es tomadas por seus clientes com base nos Conte\u00fados ora disponibilizados, bem como tais Conte\u00fados n\u00e3o representam a opini\u00e3o da <b>OESP<\/b> e s\u00e3o de inteira responsabilidade da <b>PR Newswire Ltda<\/b><\/p>\n","protected":false},"excerpt":{"rendered":"A BLUETTI est\u00e1 lan\u00e7ando a campanha &#8220;Primavera de Aventura&#8221; no Brasil, de 16 de outubro a 5 de novembro, com o tema &#8220;Desperte o Explorador em Voc\u00ea com BLUETTI nesta Primavera&#8221;. A c","protected":false},"author":1,"featured_media":0,"comment_status":"open","ping_status":"closed","sticky":false,"template":"","format":"standard","meta":{"_acf_changed":false,"inline_featured_image":false,"_monsterinsights_skip_tracking":false,"_monsterinsights_sitenote_active":false,"_monsterinsights_sitenote_note":"","_monsterinsights_sitenote_category":0,"footnotes":""},"categories":[29],"tags":[],"class_list":["post-101660","post","type-post","status-publish","format-standard","hentry","category-prnewseconomia"],"acf":[],"_links":{"self":[{"href":"https:\/\/bluestudio.estadao.com.br\/agencia-de-comunicacao\/wp-json\/wp\/v2\/posts\/101660","targetHints":{"allow":["GET"]}}],"collection":[{"href":"https:\/\/bluestudio.estadao.com.br\/agencia-de-comunicacao\/wp-json\/wp\/v2\/posts"}],"about":[{"href":"https:\/\/bluestudio.estadao.com.br\/agencia-de-comunicacao\/wp-json\/wp\/v2\/types\/post"}],"author":[{"embeddable":true,"href":"https:\/\/bluestudio.estadao.com.br\/agencia-de-comunicacao\/wp-json\/wp\/v2\/users\/1"}],"replies":[{"embeddable":true,"href":"https:\/\/bluestudio.estadao.com.br\/agencia-de-comunicacao\/wp-json\/wp\/v2\/comments?post=101660"}],"version-history":[{"count":0,"href":"https:\/\/bluestudio.estadao.com.br\/agencia-de-comunicacao\/wp-json\/wp\/v2\/posts\/101660\/revisions"}],"wp:attachment":[{"href":"https:\/\/bluestudio.estadao.com.br\/agencia-de-comunicacao\/wp-json\/wp\/v2\/media?parent=101660"}],"wp:term":[{"taxonomy":"category","embeddable":true,"href":"https:\/\/bluestudio.estadao.com.br\/agencia-de-comunicacao\/wp-json\/wp\/v2\/categories?post=101660"},{"taxonomy":"post_tag","embeddable":true,"href":"https:\/\/bluestudio.estadao.com.br\/agencia-de-comunicacao\/wp-json\/wp\/v2\/tags?post=101660"}],"curies":[{"name":"wp","href":"https:\/\/api.w.org\/{rel}","templated":true}]}}