{"id":101531,"date":"2024-10-14T16:27:00","date_gmt":"2024-10-14T19:27:00","guid":{"rendered":"https:\/\/bluestudio.estadao.com.br\/agencia-de-comunicacao\/releases\/releases-geral\/mavenir-e-intel-inovam-para-integrar-ia-no-software-comercial-open-ran-da-mavenir\/"},"modified":"2024-10-14T16:27:00","modified_gmt":"2024-10-14T19:27:00","slug":"mavenir-e-intel-inovam-para-integrar-ia-no-software-comercial-open-ran-da-mavenir","status":"publish","type":"post","link":"https:\/\/bluestudio.estadao.com.br\/agencia-de-comunicacao\/releases\/releases-geral\/mavenir-e-intel-inovam-para-integrar-ia-no-software-comercial-open-ran-da-mavenir\/","title":{"rendered":"Mavenir e Intel Inovam para Integrar IA no Software Comercial Open RAN da Mavenir"},"content":{"rendered":"<p><b>Mavenir Systems, Inc.<\/b><\/p>\n<p>NOVA D\u00c9LI, \u00cdndia, Oct.  14, 2024  (GLOBE NEWSWIRE) &#8212; \u00a0A Mavenir, fornecedora de infraestrutura de rede nativa na nuvem que est\u00e1 criando o futuro das redes, est\u00e1 trabalhando com a Intel como pioneiras de solu\u00e7\u00f5es IA\/ML Open RAN como foco no aprimoramento dos problemas de c\u00e9lula de borda que afetam a Qualidade da Experi\u00eancia do Usu\u00e1rio.<\/p>\n<p>A Mavenir fez um avan\u00e7o significativo na tecnologia Open RAN, colaborando com a Intel para demonstrar uma solu\u00e7\u00e3o massiva de m\u00faltiplas sa\u00eddas de entrada m\u00faltipla (MIMO) TDD 32TRX habilitada por IA. A empresa integrou com sucesso o modelo RAN AI da Intel para gerenciamento de feixe e o software de refer\u00eancia FlexRAN com o software comercial mMIMO vDU da Mavenir para oferecer melhor desempenho de rede e experi\u00eancia do usu\u00e1rio. O modelo RAN AI da Intel  treinado em conjuntos de dados de modelo de canal 3GPP  otimiza os pesos, a dire\u00e7\u00e3o e o n\u00famero de camadas do feixe para maximizar a taxa de transfer\u00eancia do UE. A solu\u00e7\u00e3o conjunta da Mavenir e da Intel foi projetada para aprimorar o desempenho em ambientes de r\u00e1dio desafiadores  como bordas de c\u00e9lulas e cen\u00e1rios de edif\u00edcios altos  e \u00e9 aplic\u00e1vel tanto para implanta\u00e7\u00f5es TDD quanto FDD.<\/p>\n<p>Bejoy Pankajakshan, Diretor Tecnologia e Estrat\u00e9gia da Mavenir, enfatizou a import\u00e2ncia dessa integra\u00e7\u00e3o da tecnologia, afirmando: &#8220;Esta \u00faltima colabora\u00e7\u00e3o da Mavenir com a Intel demonstra o potencial atraente da IA\/ML para aprimorar os recursos de RAN aberto, prometendo maior efici\u00eancia de rede e uma experi\u00eancia de usu\u00e1rio mais ampliada. A integra\u00e7\u00e3o de algoritmos inovadores de IA\/ML de terceiros com o pacote de software RAN comercial de ponta da Mavenir abre muitas possibilidades interessantes para o lan\u00e7amento mais r\u00e1pido de inova\u00e7\u00f5es e avan\u00e7o no ecossistema 5G Open RAN. Nossa lideran\u00e7a no setor de Open RAN est\u00e1 possibilitando parcerias transformadoras, como a nossa colabora\u00e7\u00e3o com a Intel, que est\u00e3o abrindo caminho para solu\u00e7\u00f5es exclusivas para otimiza\u00e7\u00e3o dos recursos de rede em benef\u00edcio das operadoras e dos usu\u00e1rios finais.<\/p>\n<p>A acelera\u00e7\u00e3o integrada de IA dos processadores Intel Xeon, combinada com o Intel vRAN AI Development Kit, permite que as operadoras executem uma variedade de cargas de trabalho de IA RAN usando o equipamento baseado em CPU existente, disse Cristina Rodriguez, Vice-Presidente e Gerente Geral do Comms Solutions Group da Intel. Nossa colabora\u00e7\u00e3o e demonstra\u00e7\u00e3o com a Mavenir destacam o potencial significativo da IA para enriquecer a experi\u00eancia do usu\u00e1rio dos clientes e fornecer \u00e0s operadoras de telefonia m\u00f3vel um diferencial competitivo.<\/p>\n<p>Esta solu\u00e7\u00e3o de gerenciamento de feixe habilitada para IA ser\u00e1 demonstrada no pr\u00f3ximo India Mobile Congress (# IMC2024) de 15 a 18 de outubro no estande da Intel n\u00ba 3.3 no Hall 3.<\/p>\n<p>*Intel, o logotipo Intel e outras marcas Intel s\u00e3o marcas comerciais da Intel Corporation ou de suas subsidi\u00e1rias.<\/p>\n<p><strong>Sobre a Mavenir<\/strong><\/p>\n<p>A Mavenir est\u00e1 estabelecendo hoje o futuro das redes com solu\u00e7\u00f5es nativas da nuvem e habilitadas para IA, que s\u00e3o ecol\u00f3gicas por design, capacitando as operadoras a obter os benef\u00edcios do 5G e alcan\u00e7ar redes inteligentes, automatizadas e program\u00e1veis. Como pioneira da Open RAN e uma comprovada disruptora revolucion\u00e1ria do setor, as solu\u00e7\u00f5es premiadas da Mavenir fornecem automa\u00e7\u00e3o e monetiza\u00e7\u00e3o em redes m\u00f3veis em todo o mundo, acelerando a transforma\u00e7\u00e3o da rede de software para mais de 300 provedores de servi\u00e7os de comunica\u00e7\u00f5es em mais de 120 pa\u00edses, que atendem a mais de 50% dos assinantes de todo o mundo. Para mais informa\u00e7\u00e3o, visite <a href=\"https:\/\/www.globenewswire.com\/Tracker?data=JdDP9CBp_5kuADhhIkO7zeYtFtIxD98wMnvz928UUHfkdFUO0LCtQo7nSRn2GzsJYYg-asNeZ7vFp509keVjPw==\" rel=\"nofollow noopener\" target=\"_blank\">www.mavenir.com<\/a>.<\/p>\n<p><strong>Contato de RP da Mavenir:<\/strong><br \/>Emmanuela Spiteri<br \/><a href=\"https:\/\/www.globenewswire.com\/Tracker?data=_X0NrHP8YhoYFmEdX-szluAK52SgB03xHYBPOnijOUUEMMwYNaH3SsK3aoRsL3WnVqMVdMRfagn7D2_8xkHJ0A==\" rel=\"nofollow noopener\" target=\"_blank\">PR@mavenir.com<\/a><\/p>\n<p> <img decoding=\"async\" class=\"__GNW8366DE3E__IMG\" src=\"https:\/\/www.globenewswire.com\/newsroom\/ti?nf=OTI1NTkwMiM2NTMwODMwIzIwMTEwODk=\" \/> <br \/><img decoding=\"async\" src=\"https:\/\/ml.globenewswire.com\/media\/MDljOTVkYTktMWUxYy00MzA5LThkNzItODRhZjkxOTBlMGYwLTEwMjI2NjI=\/tiny\/Mavenir-Systems-Inc-.png\" \/><br \/>\n<a href=\"https:\/\/www.globenewswire.com\/NewsRoom\/AttachmentNg\/851c963d-50a8-4f15-9da7-ea94599dc824\"><img loading=\"lazy\" decoding=\"async\" src=\"https:\/\/ml.globenewswire.com\/media\/851c963d-50a8-4f15-9da7-ea94599dc824\/small\/mavenir-logo-primary-lrg-jpg.jpg\" border=\"0\" width=\"150\" height=\"52\" alt=\"Primary Logo\" \/><\/a><\/p>\n<p>A <b>OESP<\/b> nao e(sao) responsavel(is) por erros, incorrecoes, atrasos ou quaisquer decisoes tomadas por seus clientes com base nos Conteudos ora disponibilizados, bem como tais Conteudos nao representam a opiniao da <b>OESP<\/b> e sao de inteira responsabilidade da <b>GlobeNewswire<\/b><\/p>\n","protected":false},"excerpt":{"rendered":"NOVA D\u00c9LI, \u00cdndia, Oct.  14, 2024  (GLOBE NEWSWIRE) &#8212; \u00a0A Mavenir, fornecedora de infraestrutura de rede nativa na nuvem que est\u00e1 criando o futuro das redes, est\u00e1 trabalhand","protected":false},"author":1,"featured_media":0,"comment_status":"open","ping_status":"closed","sticky":false,"template":"","format":"standard","meta":{"_acf_changed":false,"inline_featured_image":false,"_monsterinsights_skip_tracking":false,"_monsterinsights_sitenote_active":false,"_monsterinsights_sitenote_note":"","_monsterinsights_sitenote_category":0,"footnotes":""},"categories":[34],"tags":[],"class_list":["post-101531","post","type-post","status-publish","format-standard","hentry","category-releases-geral"],"acf":[],"_links":{"self":[{"href":"https:\/\/bluestudio.estadao.com.br\/agencia-de-comunicacao\/wp-json\/wp\/v2\/posts\/101531","targetHints":{"allow":["GET"]}}],"collection":[{"href":"https:\/\/bluestudio.estadao.com.br\/agencia-de-comunicacao\/wp-json\/wp\/v2\/posts"}],"about":[{"href":"https:\/\/bluestudio.estadao.com.br\/agencia-de-comunicacao\/wp-json\/wp\/v2\/types\/post"}],"author":[{"embeddable":true,"href":"https:\/\/bluestudio.estadao.com.br\/agencia-de-comunicacao\/wp-json\/wp\/v2\/users\/1"}],"replies":[{"embeddable":true,"href":"https:\/\/bluestudio.estadao.com.br\/agencia-de-comunicacao\/wp-json\/wp\/v2\/comments?post=101531"}],"version-history":[{"count":0,"href":"https:\/\/bluestudio.estadao.com.br\/agencia-de-comunicacao\/wp-json\/wp\/v2\/posts\/101531\/revisions"}],"wp:attachment":[{"href":"https:\/\/bluestudio.estadao.com.br\/agencia-de-comunicacao\/wp-json\/wp\/v2\/media?parent=101531"}],"wp:term":[{"taxonomy":"category","embeddable":true,"href":"https:\/\/bluestudio.estadao.com.br\/agencia-de-comunicacao\/wp-json\/wp\/v2\/categories?post=101531"},{"taxonomy":"post_tag","embeddable":true,"href":"https:\/\/bluestudio.estadao.com.br\/agencia-de-comunicacao\/wp-json\/wp\/v2\/tags?post=101531"}],"curies":[{"name":"wp","href":"https:\/\/api.w.org\/{rel}","templated":true}]}}