{"id":101424,"date":"2024-10-08T12:05:43","date_gmt":"2024-10-08T15:05:43","guid":{"rendered":"https:\/\/bluestudio.estadao.com.br\/agencia-de-comunicacao\/?p=101424"},"modified":"2024-10-11T12:08:37","modified_gmt":"2024-10-11T15:08:37","slug":"pib-brasileiro-pode-crescer-a-uma-taxa-de-25-nos-proximos-impulsionado-pelos-setores-de-mineracao-infraestrutura-e-energia-avalia-joaquim-levy","status":"publish","type":"post","link":"https:\/\/bluestudio.estadao.com.br\/agencia-de-comunicacao\/agencia-minera-brasil\/pib-brasileiro-pode-crescer-a-uma-taxa-de-25-nos-proximos-impulsionado-pelos-setores-de-mineracao-infraestrutura-e-energia-avalia-joaquim-levy\/","title":{"rendered":"PIB brasileiro pode crescer a uma taxa de 2,5% nos pr\u00f3ximos impulsionado pelos setores de minera\u00e7\u00e3o, infraestrutura e energia, avalia Joaquim Levy"},"content":{"rendered":"\n<p><strong>O ex-ministro da Fazenda e diretor de Estrat\u00e9gia Econ\u00f4mica e Rela\u00e7\u00f5es com Mercados do Safra, Joaquim Levy destacou que impacto da transi\u00e7\u00e3o energ\u00e9tica ter\u00e1 no PIB do pa\u00eds ser\u00e1 positivo. Levy citou proje\u00e7\u00e3o investimentos de cerca de R$ 2 trilh\u00f5es em infraestrutura de energia e minera\u00e7\u00e3o, al\u00e9m da cria\u00e7\u00e3o de 3 milh\u00f5es de empregos nos pr\u00f3ximos dez anos. Segundo ele, esses setores ser\u00e3o os motores para elevar a taxa de investimento em 20% do PIB at\u00e9 2030.<\/strong><\/p>\n\n\n\n<p>&#8220;A transforma\u00e7\u00e3o no setor mineral, impulsionada pela explora\u00e7\u00e3o de minerais cr\u00edticos como l\u00edtio, cobre e n\u00edquel, dever\u00e1 fortalecer a posi\u00e7\u00e3o do Brasil como l\u00edder global na produ\u00e7\u00e3o de insumos essenciais para a transi\u00e7\u00e3o energ\u00e9tica&#8221;, afirmou Levy.<br>Joaquim Levy fez uma palestra para executivos do setor de minera\u00e7\u00e3o e do mercado financeiro nesta ter\u00e7a-feira (5\/10), durante o Invest Mining Sumit, realizado na B3, em Paulo. Ele abordou importantes quest\u00f5es econ\u00f4micas globais, com foco no impacto dos juros nos Estados Unidos e as proje\u00e7\u00f5es para o Brasil. Ele citou ainda o papel crucial das pol\u00edticas fiscais e monet\u00e1rias na recupera\u00e7\u00e3o econ\u00f4mica e na sustentabilidade do crescimento. &#8220;Com legisla\u00e7\u00e3o e regula\u00e7\u00e3o adequadas investimento estrangeiro vir\u00e1&#8221;, disse.<br>Levy apresentou an\u00e1lises sobre a taxa de c\u00e2mbio e da taxa Selic, que segundo, ele, desempenhar\u00e3o pap\u00e9is chave na economia brasileira nos pr\u00f3ximos anos, com a previs\u00e3o de uma taxa Selic de 11,50% em 2024, caindo progressivamente at\u00e9 8,50% em 2026. Esse decl\u00ednio deve ser facilitado pelo cumprimento do arcabou\u00e7o fiscal e ajustes em gastos espec\u00edficos a partir de 2025. Com isso, espera-se um impacto positivo na din\u00e2mica da d\u00edvida p\u00fablica e no ambiente econ\u00f4mico.<\/p>\n\n\n\n<p><strong>Proje\u00e7\u00f5es e Desempenho Econ\u00f4mico<\/strong><\/p>\n\n\n\n<p>Levy ressaltou que, apesar de desafios econ\u00f4micos e um cen\u00e1rio contracionista no curto prazo, a disciplina nos gastos p\u00fablicos e o crescimento do PIB ser\u00e3o fundamentais para a trajet\u00f3ria positiva da economia. A previs\u00e3o, segundo ele, \u00e9 de que o PIB brasileiro cres\u00e7a a uma taxa de 2,5% ao ano com uma pol\u00edtica fiscal equilibrada e receitas adicionais geradas pelos investimentos em infraestrutura e setores como minera\u00e7\u00e3o e energia.<\/p>\n\n\n\n<p><\/p>\n","protected":false},"excerpt":{"rendered":"O ex-ministro da Fazenda e diretor de Estrat\u00e9gia Econ\u00f4mica e Rela\u00e7\u00f5es com Mercados do Safra, Joaquim Levy destacou que impacto da transi\u00e7\u00e3o energ\u00e9tica ter\u00e1 no PIB do pa\u00eds ser\u00e1 positivo. Levy","protected":false},"author":12,"featured_media":0,"comment_status":"open","ping_status":"closed","sticky":false,"template":"","format":"standard","meta":{"_acf_changed":false,"inline_featured_image":false,"_monsterinsights_skip_tracking":false,"_monsterinsights_sitenote_active":false,"_monsterinsights_sitenote_note":"","_monsterinsights_sitenote_category":0,"footnotes":""},"categories":[351],"tags":[],"class_list":["post-101424","post","type-post","status-publish","format-standard","hentry","category-agencia-minera-brasil"],"acf":[],"_links":{"self":[{"href":"https:\/\/bluestudio.estadao.com.br\/agencia-de-comunicacao\/wp-json\/wp\/v2\/posts\/101424","targetHints":{"allow":["GET"]}}],"collection":[{"href":"https:\/\/bluestudio.estadao.com.br\/agencia-de-comunicacao\/wp-json\/wp\/v2\/posts"}],"about":[{"href":"https:\/\/bluestudio.estadao.com.br\/agencia-de-comunicacao\/wp-json\/wp\/v2\/types\/post"}],"author":[{"embeddable":true,"href":"https:\/\/bluestudio.estadao.com.br\/agencia-de-comunicacao\/wp-json\/wp\/v2\/users\/12"}],"replies":[{"embeddable":true,"href":"https:\/\/bluestudio.estadao.com.br\/agencia-de-comunicacao\/wp-json\/wp\/v2\/comments?post=101424"}],"version-history":[{"count":3,"href":"https:\/\/bluestudio.estadao.com.br\/agencia-de-comunicacao\/wp-json\/wp\/v2\/posts\/101424\/revisions"}],"predecessor-version":[{"id":101428,"href":"https:\/\/bluestudio.estadao.com.br\/agencia-de-comunicacao\/wp-json\/wp\/v2\/posts\/101424\/revisions\/101428"}],"wp:attachment":[{"href":"https:\/\/bluestudio.estadao.com.br\/agencia-de-comunicacao\/wp-json\/wp\/v2\/media?parent=101424"}],"wp:term":[{"taxonomy":"category","embeddable":true,"href":"https:\/\/bluestudio.estadao.com.br\/agencia-de-comunicacao\/wp-json\/wp\/v2\/categories?post=101424"},{"taxonomy":"post_tag","embeddable":true,"href":"https:\/\/bluestudio.estadao.com.br\/agencia-de-comunicacao\/wp-json\/wp\/v2\/tags?post=101424"}],"curies":[{"name":"wp","href":"https:\/\/api.w.org\/{rel}","templated":true}]}}