{"id":101229,"date":"2024-10-09T02:42:00","date_gmt":"2024-10-09T05:42:00","guid":{"rendered":"https:\/\/bluestudio.estadao.com.br\/agencia-de-comunicacao\/prnewswire\/prnewseconomia\/7-destaques-revelados-para-o-proximo-forum-economico-internacional-de-hongqiao\/"},"modified":"2024-10-09T02:42:00","modified_gmt":"2024-10-09T05:42:00","slug":"7-destaques-revelados-para-o-proximo-forum-economico-internacional-de-hongqiao","status":"publish","type":"post","link":"https:\/\/bluestudio.estadao.com.br\/agencia-de-comunicacao\/prnewswire\/prnewseconomia\/7-destaques-revelados-para-o-proximo-forum-economico-internacional-de-hongqiao\/","title":{"rendered":"7 destaques revelados para o pr\u00f3ximo F\u00f3rum Econ\u00f4mico Internacional de Hongqiao"},"content":{"rendered":"<p><b>PR NEWSWIRE<\/b><\/p>\n<div class=\"xn-content\">\n<span class=\"legendSpanClass\">XANGAI<\/span>, <span class=\"legendSpanClass\">9 de outubro de 2024<\/span> \/PRNewswire\/ &#8212; O 7\u00ba F\u00f3rum Econ\u00f4mico Internacional de Hongqiao (HQF) ser\u00e1 realizado no Centro Nacional de Exposi\u00e7\u00f5es e Conven\u00e7\u00f5es (Xangai) de 5 a 10 de novembro. Com o tema &#8220;Abertura de Alto Padr\u00e3o para a Globaliza\u00e7\u00e3o Econ\u00f4mica Universalmente Ben\u00e9fica e Inclusiva&#8221;, o f\u00f3rum contar\u00e1 com discuss\u00f5es sobre a constru\u00e7\u00e3o de uma economia global aberta e uma comunidade com um futuro compartilhado para a humanidade, convidando l\u00edderes de renome mundial em pol\u00edtica, organiza\u00e7\u00f5es internacionais, neg\u00f3cios e academia.<\/p>\n<p class=\"prntac\"><b>Destaque I: Uma vis\u00e3o global para as quest\u00f5es mundiais<\/b><\/p>\n<p>O f\u00f3rum deste ano se concentra em t\u00f3picos importantes como mudan\u00e7as clim\u00e1ticas, o Sul Global, o 30\u00ba anivers\u00e1rio da OMC, coopera\u00e7\u00e3o internacional em padr\u00f5es, intelig\u00eancia artificial, ve\u00edculos el\u00e9tricos e moderniza\u00e7\u00e3o do consumo.<\/p>\n<p class=\"prntac\"><b>Destaque II: Figuras de destaque compartilhando pontos de vista profissionais<\/b><\/p>\n<p>O f\u00f3rum convida especialistas de v\u00e1rias \u00e1reas do pa\u00eds e do exterior, incluindo representantes de governos e organiza\u00e7\u00f5es internacionais, l\u00edderes empresariais e acad\u00eamicos importantes para di\u00e1logos aprofundados.<\/p>\n<p class=\"prntac\"><b>Destaque III: Intera\u00e7\u00f5es atualizadas em v\u00e1rios canais<\/b><\/p>\n<p>A CIIE &amp; HQF GALA ser\u00e1 atualizada para criar uma oportunidade exclusiva de networking que re\u00fane convidados de comunidades pol\u00edticas, empresariais e acad\u00eamicas e facilita a explora\u00e7\u00e3o de oportunidades de com\u00e9rcio e investimento.<\/p>\n<p class=\"prntac\"><b>Destaque IV: Resultados de pesquisas inovadores a serem revelados<\/b><\/p>\n<p>O <i>World Openness Report 2024<\/i> e o mais recente \u00cdndice de Abertura Mundial ser\u00e3o divulgados. Enquanto isso, v\u00e1rias ag\u00eancias governamentais e organiza\u00e7\u00f5es internacionais planejam publicar relat\u00f3rios, propostas, roteiros e outros resultados no HQF.<\/p>\n<p class=\"prntac\"><b>Destaque V: Integra\u00e7\u00e3o inovadora do F\u00f3rum e da Expo<\/b><\/p>\n<p>Atividades como subf\u00f3runs nos estandes e visitas de grupos de convidados s\u00e3o introduzidas para aproveitar ao m\u00e1ximo a vantagem \u00fanica do f\u00f3rum de ser realizado ao mesmo tempo que a CIIE.<\/p>\n<p class=\"prntac\"><b>Destaque VI: Ajuda vital de parceiros profissionais<\/b><\/p>\n<p>Uma s\u00e9rie de subf\u00f3runs ser\u00e1 realizada no HQF em um esfor\u00e7o conjunto com departamentos do governo chin\u00eas, bem como organiza\u00e7\u00f5es internacionais. Enquanto isso, alguns dos subf\u00f3runs ser\u00e3o realizados em parceria com meios de comunica\u00e7\u00e3o profissionais e grupos de reflex\u00e3o.<\/p>\n<p class=\"prntac\"><b>Destaque VII: Exposi\u00e7\u00e3o intensiva apoiada pela grande m\u00eddia<\/b><\/p>\n<p>Os parceiros do HQF nos meios de comunica\u00e7\u00e3o oferecer\u00e3o cobertura completa do f\u00f3rum antes, durante e ap\u00f3s o evento. Enquanto isso, os principais meios de comunica\u00e7\u00e3o ser\u00e3o convidados a cobrir os subf\u00f3runs na forma de compartilhamento de fotos em tempo real, reportagem e promo\u00e7\u00e3o.<\/p>\n<div id=\"prni_dvprnejpg9bfdleft\" dir=\"ltr\" style=\"width: 100%;text-align: left\"><img decoding=\"async\" id=\"prnejpg9bfdleft\" title=\" \" src=\"https:\/\/mma.prnewswire.com\/media\/2525354\/image.jpg\" alt=\" \" align=\"middle\" \/><\/div>\n<p>Para explorar mais al\u00e9m dos sete destaques, voc\u00ea pode se inscrever no 7\u00ba F\u00f3rum Econ\u00f4mico Internacional de\u00a0Hongqiao no Aplicativo CIIE, no miniprograma e no site\u00a0<a href=\"https:\/\/forum.ciie.org\/\" target=\"_blank\" rel=\"nofollow noopener\">forum.ciie.org<\/a>. Estamos ansiosos para encontr\u00e1-lo(a) no HQF!<\/p>\n<p>Contato: <br \/>Sra. Cui<br \/>0086-21-968888<br \/><a href=\"mailto:exhibition@ciie.org\" target=\"_blank\" rel=\"nofollow noopener\">exhibition@ciie.org<\/a>\u00a0<\/p>\n<p>Foto &#8211; <a href=\"https:\/\/mma.prnewswire.com\/media\/2525354\/image.jpg\" target=\"_blank\" rel=\"nofollow noopener\">https:\/\/mma.prnewswire.com\/media\/2525354\/image.jpg<\/a><\/p>\n<p id=\"PURL\"><img loading=\"lazy\" decoding=\"async\" title=\"Cision\" width=\"12\" height=\"12\" alt=\"Cision\" src=\"https:\/\/c212.net\/c\/img\/favicon.png?sn=PT25531&amp;sd=2024-10-09\" \/> View original content:<a id=\"PRNURL\" rel=\"nofollow noopener\" href=\"https:\/\/www.prnewswire.com\/br\/comunicados-para-a-imprensa\/7-destaques-revelados-para-o-proximo-forum-economico-internacional-de-hongqiao-302271043.html\" target=\"_blank\">https:\/\/www.prnewswire.com\/br\/comunicados-para-a-imprensa\/7-destaques-revelados-para-o-proximo-forum-economico-internacional-de-hongqiao-302271043.html<\/a><\/p>\n<p>FONTE  China International Import Expo (CIIE)<\/p>\n<\/div>\n<p><img decoding=\"async\" alt=\"\" src=\"https:\/\/rt.prnewswire.com\/rt.gif?NewsItemId=PT25531&amp;Transmission_Id=202410090132PR_NEWS_LATAM____PT25531&amp;DateId=20241009\" style=\"border:0px;width:1px;height:1px\" \/><\/p>\n<p>A <b>OESP<\/b> n\u00e3o \u00e9(s\u00e3o) respons\u00e1vel(is) por erros, incorre\u00e7\u00f5es, atrasos ou quaisquer decis\u00f5es tomadas por seus clientes com base nos Conte\u00fados ora disponibilizados, bem como tais Conte\u00fados n\u00e3o representam a opini\u00e3o da <b>OESP<\/b> e s\u00e3o de inteira responsabilidade da <b>PR Newswire Ltda<\/b><\/p>\n","protected":false},"excerpt":{"rendered":"Destaque I: Uma vis\u00e3o global para as quest\u00f5es mundiais","protected":false},"author":1,"featured_media":0,"comment_status":"open","ping_status":"closed","sticky":false,"template":"","format":"standard","meta":{"_acf_changed":false,"inline_featured_image":false,"_monsterinsights_skip_tracking":false,"_monsterinsights_sitenote_active":false,"_monsterinsights_sitenote_note":"","_monsterinsights_sitenote_category":0,"footnotes":""},"categories":[29],"tags":[],"class_list":["post-101229","post","type-post","status-publish","format-standard","hentry","category-prnewseconomia"],"acf":[],"_links":{"self":[{"href":"https:\/\/bluestudio.estadao.com.br\/agencia-de-comunicacao\/wp-json\/wp\/v2\/posts\/101229","targetHints":{"allow":["GET"]}}],"collection":[{"href":"https:\/\/bluestudio.estadao.com.br\/agencia-de-comunicacao\/wp-json\/wp\/v2\/posts"}],"about":[{"href":"https:\/\/bluestudio.estadao.com.br\/agencia-de-comunicacao\/wp-json\/wp\/v2\/types\/post"}],"author":[{"embeddable":true,"href":"https:\/\/bluestudio.estadao.com.br\/agencia-de-comunicacao\/wp-json\/wp\/v2\/users\/1"}],"replies":[{"embeddable":true,"href":"https:\/\/bluestudio.estadao.com.br\/agencia-de-comunicacao\/wp-json\/wp\/v2\/comments?post=101229"}],"version-history":[{"count":0,"href":"https:\/\/bluestudio.estadao.com.br\/agencia-de-comunicacao\/wp-json\/wp\/v2\/posts\/101229\/revisions"}],"wp:attachment":[{"href":"https:\/\/bluestudio.estadao.com.br\/agencia-de-comunicacao\/wp-json\/wp\/v2\/media?parent=101229"}],"wp:term":[{"taxonomy":"category","embeddable":true,"href":"https:\/\/bluestudio.estadao.com.br\/agencia-de-comunicacao\/wp-json\/wp\/v2\/categories?post=101229"},{"taxonomy":"post_tag","embeddable":true,"href":"https:\/\/bluestudio.estadao.com.br\/agencia-de-comunicacao\/wp-json\/wp\/v2\/tags?post=101229"}],"curies":[{"name":"wp","href":"https:\/\/api.w.org\/{rel}","templated":true}]}}