{"id":100968,"date":"2024-10-01T05:42:00","date_gmt":"2024-10-01T08:42:00","guid":{"rendered":"https:\/\/bluestudio.estadao.com.br\/agencia-de-comunicacao\/prnewswire\/prnewsinternacional\/maior-crescimento-anual-de-empregos-na-area-de-energias-renovaveis-em-2023-chegando-a-162-milhoes\/"},"modified":"2024-10-01T05:42:00","modified_gmt":"2024-10-01T08:42:00","slug":"maior-crescimento-anual-de-empregos-na-area-de-energias-renovaveis-em-2023-chegando-a-162-milhoes","status":"publish","type":"post","link":"https:\/\/bluestudio.estadao.com.br\/agencia-de-comunicacao\/prnewswire\/prnewsinternacional\/maior-crescimento-anual-de-empregos-na-area-de-energias-renovaveis-em-2023-chegando-a-162-milhoes\/","title":{"rendered":"Maior crescimento anual de empregos na \u00e1rea de energias renov\u00e1veis em 2023, chegando a 16,2 milh\u00f5es"},"content":{"rendered":"<p><b>PR NEWSWIRE<\/b><\/p>\n<div class=\"xn-content\">\n<i>Novo relat\u00f3rio ressalta a import\u00e2ncia de pol\u00edticas e investimentos hol\u00edsticos para apoiar a cria\u00e7\u00e3o de uma for\u00e7a de trabalho qualificada e diversificada.<\/i><\/p>\n<p><span class=\"legendSpanClass\"><span class=\"xn-location\">ABU DHABI<\/span>, EAU e <span class=\"xn-location\">GENEVA<\/span><\/span>, <span class=\"legendSpanClass\">1 de outubro de 2024<\/span> \/PRNewswire\/ &#8212; O ano de 2023 registrou o maior aumento de todos os tempos em empregos na \u00e1rea de energias renov\u00e1veis, de 13,7 milh\u00f5es em 2022 para 16,2 milh\u00f5es, de acordo com o rec\u00e9m-lan\u00e7ado relat\u00f3rio <i><a href=\"https:\/\/www.irena.org\/Publications\/2024\/Oct\/Renewable-energy-and-jobs-Annual-review-2024\" target=\"_blank\" rel=\"nofollow noopener\">Energia Renov\u00e1vel e Empregos &#8211; Relat\u00f3rio <span class=\"xn-person\">Anual de<\/span> 2024\u00a0<\/a><\/i>da Ag\u00eancia Internacional para as Energias Renov\u00e1veis (IRENA) e da Organiza\u00e7\u00e3o Internacional do Trabalho (OIT). O salto de 18% em rela\u00e7\u00e3o ao ano anterior reflete o forte crescimento das capacidades de gera\u00e7\u00e3o de energia renov\u00e1vel, juntamente com a expans\u00e3o cont\u00ednua da fabrica\u00e7\u00e3o de equipamentos.<\/p>\n<p>Uma an\u00e1lise mais detalhada dos dados do relat\u00f3rio, no entanto, mostra um quadro global desigual. Cerca de dois ter\u00e7os da nova capacidade global de energia solar e e\u00f3lica foram instalados somente na <span class=\"xn-location\">China<\/span> no ano passado.<\/p>\n<p>A <span class=\"xn-location\">China<\/span> lidera com uma estimativa de 7,4 milh\u00f5es de empregos em energia renov\u00e1vel, ou 46% do total global. A UE vem em seguida, com 1,8 milh\u00e3o, o Brasil, com 1,56 milh\u00e3o, e os Estados Unidos e a \u00cdndia, cada um com cerca de 1 milh\u00e3o de empregos.<\/p>\n<p>Como nos \u00faltimos anos, o maior impulso veio do setor de energia solar fotovoltaica (PV), que cresceu rapidamente e gerou 7,2 milh\u00f5es de empregos em todo o mundo. Desses, 4,6 milh\u00f5es estavam na <span class=\"xn-location\">China<\/span>, o principal fabricante e instalador de energia fotovoltaica. Gra\u00e7as aos significativos investimentos chineses, o Sudeste Asi\u00e1tico surgiu como um importante centro de exporta\u00e7\u00e3o de energia solar fotovoltaica, criando empregos na regi\u00e3o.<\/p>\n<p>Os biocombust\u00edveis l\u00edquidos tiveram o segundo maior n\u00famero de empregos, seguidos pela energia hidrel\u00e9trica e e\u00f3lica. O Brasil liderou o ranking de biocombust\u00edveis, sendo respons\u00e1vel por um ter\u00e7o dos 2,8 milh\u00f5es de empregos no mundo nesse setor. O aumento da produ\u00e7\u00e3o colocou a Indon\u00e9sia em segundo lugar, com um quarto dos empregos globais em biocombust\u00edveis.<\/p>\n<p>Devido a uma desacelera\u00e7\u00e3o na implanta\u00e7\u00e3o, a energia hidrel\u00e9trica se tornou uma exce\u00e7\u00e3o \u00e0 tend\u00eancia geral de crescimento, com a estimativa de que o n\u00famero de empregos diretos tenha diminu\u00eddo de 2,5 milh\u00f5es em 2022 para 2,3 milh\u00f5es. <span class=\"xn-location\">China<\/span>, \u00cdndia, Brasil, Vietn\u00e3 e Paquist\u00e3o foram os maiores empregadores do setor.<\/p>\n<p>No setor e\u00f3lico, a <span class=\"xn-location\">China<\/span> e a Europa continuam dominando. Como l\u00edderes na fabrica\u00e7\u00e3o e instala\u00e7\u00e3o de turbinas, eles contribu\u00edram com 52% e 21% para o total global de 1,5 milh\u00e3o de empregos, respectivamente.<\/p>\n<p>Apesar do imenso potencial de recursos, a \u00c1frica continua a receber apenas uma pequena parcela dos investimentos globais em energias renov\u00e1veis, o que se traduziu em um total de 324.000 empregos em energias renov\u00e1veis em 2023. Para regi\u00f5es que precisam urgentemente de acesso confi\u00e1vel e sustent\u00e1vel \u00e0 energia, como a \u00c1frica, e especialmente em \u00e1reas remotas, as solu\u00e7\u00f5es de energia renov\u00e1vel descentralizada (DRE) &#8211; sistemas aut\u00f4nomos que n\u00e3o est\u00e3o conectados \u00e0s redes de servi\u00e7os p\u00fablicos &#8211; representam uma oportunidade de preencher a lacuna de acesso e gerar empregos. A remo\u00e7\u00e3o de barreiras para que as mulheres iniciem iniciativas de empreendedorismo em DRE pode estimular o setor, resultando em economias locais aprimoradas e equidade energ\u00e9tica.<\/p>\n<p>Reconhecendo o alto grau de concentra\u00e7\u00e3o geogr\u00e1fica, <span class=\"xn-person\">Francesco La Camera<\/span>, Diretor Geral da IRENA, disse: &#8220;A hist\u00f3ria da transi\u00e7\u00e3o energ\u00e9tica e seus ganhos socioecon\u00f4micos n\u00e3o devem ser sobre uma ou duas regi\u00f5es. Se quisermos cumprir nossa promessa coletiva de triplicar a capacidade de energia renov\u00e1vel at\u00e9 2030, o mundo deve intensificar seu jogo e apoiar as regi\u00f5es marginalizadas na abordagem das barreiras que impedem o progresso de suas transi\u00e7\u00f5es. O fortalecimento da colabora\u00e7\u00e3o internacional pode mobilizar mais financiamento para o apoio a pol\u00edticas e a capacita\u00e7\u00e3o em pa\u00edses que ainda n\u00e3o beneficiam da cria\u00e7\u00e3o de empregos em energias renov\u00e1veis.&#8221;<\/p>\n<p>Para atender \u00e0 crescente demanda das transi\u00e7\u00f5es de energia por diversas habilidades e talentos, as pol\u00edticas devem apoiar medidas em favor de uma maior diversidade da for\u00e7a de trabalho e da igualdade de g\u00eanero. Representando 32% da for\u00e7a de trabalho total de energias renov\u00e1veis, as mulheres continuam tendo uma participa\u00e7\u00e3o desigual, mesmo quando o n\u00famero de empregos continua aumentando. \u00c9 essencial que a educa\u00e7\u00e3o e os treinamentos levem a diversas oportunidades de emprego para mulheres, jovens e membros de grupos minorit\u00e1rios e desfavorecidos.<\/p>\n<p>&#8220;Investir em educa\u00e7\u00e3o, habilidades e treinamento ajuda a requalificar todos os trabalhadores dos setores de combust\u00edveis f\u00f3sseis, abordar as disparidades de g\u00eanero ou outras e preparar a for\u00e7a de trabalho para novas fun\u00e7\u00f5es de energia limpa. Isso \u00e9 essencial se quisermos equipar os trabalhadores com o conhecimento e as habilidades que precisam para conseguir empregos decentes e garantir que a transi\u00e7\u00e3o energ\u00e9tica seja justa e sustent\u00e1vel. Uma transi\u00e7\u00e3o sustent\u00e1vel \u00e9 o que o Acordo de <span class=\"xn-location\">Paris<\/span> exige de n\u00f3s e o que nos comprometemos a alcan\u00e7ar ao assinar o Acordo&#8221;, explicou o Diretor-Geral da OIT, <span class=\"xn-person\">Gilbert F. Houngbo<\/span>.<\/p>\n<p>Esta 11\u00aa edi\u00e7\u00e3o da <i>Revis\u00e3o Anual<\/i> faz parte do extenso trabalho anal\u00edtico da IRENA sobre os impactos socioecon\u00f4micos de uma transi\u00e7\u00e3o energ\u00e9tica baseada em energias renov\u00e1veis. Esta edi\u00e7\u00e3o &#8211; que \u00e9 a 4\u00aa edi\u00e7\u00e3o desenvolvida em colabora\u00e7\u00e3o com a OIT &#8211; ressalta a import\u00e2ncia de uma abordagem centrada nas pessoas e no planeta para alcan\u00e7ar uma transi\u00e7\u00e3o justa e inclusiva. Ela exige uma estrutura de pol\u00edtica hol\u00edstica que v\u00e1 al\u00e9m da busca por inova\u00e7\u00e3o tecnol\u00f3gica para atingir rapidamente a meta de triplica\u00e7\u00e3o ao menor custo poss\u00edvel, priorizando a cria\u00e7\u00e3o de valor local e garantindo a cria\u00e7\u00e3o de empregos decentes com base na participa\u00e7\u00e3o ativa dos trabalhadores e das comunidades na defini\u00e7\u00e3o da transi\u00e7\u00e3o energ\u00e9tica. Tendo em conta sua experi\u00eancia no mundo do trabalho, a OIT contribuiu com o cap\u00edtulo do relat\u00f3rio sobre habilidades.<\/p>\n<p>Leia o relat\u00f3rio completo <a href=\"https:\/\/www.irena.org\/Publications\/2024\/Oct\/Renewable-energy-and-jobs-Annual-review-2024\" target=\"_blank\" rel=\"nofollow noopener\">aqui.\u00a0<\/a><\/p>\n<p id=\"PURL\"><img loading=\"lazy\" decoding=\"async\" title=\"Cision\" width=\"12\" height=\"12\" alt=\"Cision\" src=\"https:\/\/c212.net\/c\/img\/favicon.png?sn=PT19300&amp;sd=2024-10-01\" \/> View original content:<a id=\"PRNURL\" rel=\"nofollow noopener\" href=\"https:\/\/www.prnewswire.com\/br\/comunicados-para-a-imprensa\/maior-crescimento-anual-de-empregos-na-area-de-energias-renovaveis-em-2023--chegando-a-16-2-milhoes-302263737.html\" target=\"_blank\">https:\/\/www.prnewswire.com\/br\/comunicados-para-a-imprensa\/maior-crescimento-anual-de-empregos-na-area-de-energias-renovaveis-em-2023&#8211;chegando-a-16-2-milhoes-302263737.html<\/a><\/p>\n<p>FONTE  International Renewable Energy Agency (IRENA)<\/p>\n<\/div>\n<p><img decoding=\"async\" alt=\"\" src=\"https:\/\/rt.prnewswire.com\/rt.gif?NewsItemId=PT19300&amp;Transmission_Id=202410010441PR_NEWS_LATAM____PT19300&amp;DateId=20241001\" style=\"border:0px;width:1px;height:1px\" \/><\/p>\n<p>A <b>OESP<\/b> n\u00e3o \u00e9(s\u00e3o) respons\u00e1vel(is) por erros, incorre\u00e7\u00f5es, atrasos ou quaisquer decis\u00f5es tomadas por seus clientes com base nos Conte\u00fados ora disponibilizados, bem como tais Conte\u00fados n\u00e3o representam a opini\u00e3o da <b>OESP<\/b> e s\u00e3o de inteira responsabilidade da <b>PR Newswire Ltda<\/b><\/p>\n","protected":false},"excerpt":{"rendered":"O ano de 2023 registrou o maior aumento de todos os tempos em empregos na \u00e1rea de energias renov\u00e1veis, de 13,7 milh\u00f5es em 2022 para 16,2 milh\u00f5es, de acordo com o rec\u00e9m-lan\u00e7ado rel","protected":false},"author":1,"featured_media":0,"comment_status":"open","ping_status":"closed","sticky":false,"template":"","format":"standard","meta":{"_acf_changed":false,"inline_featured_image":false,"_monsterinsights_skip_tracking":false,"_monsterinsights_sitenote_active":false,"_monsterinsights_sitenote_note":"","_monsterinsights_sitenote_category":0,"footnotes":""},"categories":[31],"tags":[],"class_list":["post-100968","post","type-post","status-publish","format-standard","hentry","category-prnewsinternacional"],"acf":[],"_links":{"self":[{"href":"https:\/\/bluestudio.estadao.com.br\/agencia-de-comunicacao\/wp-json\/wp\/v2\/posts\/100968","targetHints":{"allow":["GET"]}}],"collection":[{"href":"https:\/\/bluestudio.estadao.com.br\/agencia-de-comunicacao\/wp-json\/wp\/v2\/posts"}],"about":[{"href":"https:\/\/bluestudio.estadao.com.br\/agencia-de-comunicacao\/wp-json\/wp\/v2\/types\/post"}],"author":[{"embeddable":true,"href":"https:\/\/bluestudio.estadao.com.br\/agencia-de-comunicacao\/wp-json\/wp\/v2\/users\/1"}],"replies":[{"embeddable":true,"href":"https:\/\/bluestudio.estadao.com.br\/agencia-de-comunicacao\/wp-json\/wp\/v2\/comments?post=100968"}],"version-history":[{"count":0,"href":"https:\/\/bluestudio.estadao.com.br\/agencia-de-comunicacao\/wp-json\/wp\/v2\/posts\/100968\/revisions"}],"wp:attachment":[{"href":"https:\/\/bluestudio.estadao.com.br\/agencia-de-comunicacao\/wp-json\/wp\/v2\/media?parent=100968"}],"wp:term":[{"taxonomy":"category","embeddable":true,"href":"https:\/\/bluestudio.estadao.com.br\/agencia-de-comunicacao\/wp-json\/wp\/v2\/categories?post=100968"},{"taxonomy":"post_tag","embeddable":true,"href":"https:\/\/bluestudio.estadao.com.br\/agencia-de-comunicacao\/wp-json\/wp\/v2\/tags?post=100968"}],"curies":[{"name":"wp","href":"https:\/\/api.w.org\/{rel}","templated":true}]}}