{"id":100861,"date":"2024-09-27T08:12:00","date_gmt":"2024-09-27T11:12:00","guid":{"rendered":"https:\/\/bluestudio.estadao.com.br\/agencia-de-comunicacao\/prnewswire\/prnewsbrasil\/nas-nacoes-unidas-arabia-saudita-pede-colaboracao-global-para-combater-a-degradacao-da-terra-na-cop16-em-riad\/"},"modified":"2024-09-27T08:12:00","modified_gmt":"2024-09-27T11:12:00","slug":"nas-nacoes-unidas-arabia-saudita-pede-colaboracao-global-para-combater-a-degradacao-da-terra-na-cop16-em-riad","status":"publish","type":"post","link":"https:\/\/bluestudio.estadao.com.br\/agencia-de-comunicacao\/prnewswire\/prnewsbrasil\/nas-nacoes-unidas-arabia-saudita-pede-colaboracao-global-para-combater-a-degradacao-da-terra-na-cop16-em-riad\/","title":{"rendered":"Nas Na\u00e7\u00f5es Unidas, Ar\u00e1bia Saudita pede colabora\u00e7\u00e3o global para combater a degrada\u00e7\u00e3o da terra na COP16 em Riad"},"content":{"rendered":"<p><b>PR NEWSWIRE<\/b><\/p>\n<div class=\"xn-content\">\n<i>A <span class=\"xn-money\">COP16<\/span> da\u00a0UNCCD em dezembro pretende ser um ponto de virada na luta global contra a degrada\u00e7\u00e3o da terra, desertifica\u00e7\u00e3o e seca<\/i><\/p>\n<p><span class=\"legendSpanClass\"><span class=\"xn-person\">NOVA YORK<\/span><\/span>, <span class=\"legendSpanClass\">27 de setembro de 2024<\/span> \/PRNewswire\/ &#8212; Ar\u00e1bia Saudita pediu aos formuladores de pol\u00edticas do mundo que abordem urgentemente a degrada\u00e7\u00e3o da terra, a seca e a desertifica\u00e7\u00e3o antes da<sup>16\u00aa <\/sup>\u00a0<sup>Conven\u00e7\u00e3o<\/sup>\u00a0das Na\u00e7\u00f5es Unidas de Combate \u00e0 Desertifica\u00e7\u00e3o (UNCCD) <span class=\"xn-money\">COP16<\/span> em Riad, em dezembro. A cada segundo, um equivalente a quatro campos de futebol de terras saud\u00e1veis se degrada, totalizando 100 milh\u00f5es de hectares a cada ano.<\/p>\n<p>\u00a0<\/p>\n<div id=\"prni_dvprnejpgf1deleft\" dir=\"ltr\" style=\"width: 100%;text-align: left\"><img decoding=\"async\" id=\"prnejpgf1deleft\" title=\"Incoming COP16 President and Saudi Arabia Minister of Environment, Water, and Agriculture, Eng. Abdulrahman Abdulmohsen AlFadley, addresses the Road to Riyadh event on the sidelines of the UN General Assembly in New York, Thursday, Sept 26, 2024.\" src=\"http:\/\/mma.prnewswire.com\/media\/2517545\/COP16_Riyadh.jpg\" alt=\"Incoming COP16 President and Saudi Arabia Minister of Environment, Water, and Agriculture, Eng. Abdulrahman Abdulmohsen AlFadley, addresses the Road to Riyadh event on the sidelines of the UN General Assembly in New York, Thursday, Sept 26, 2024.\" align=\"middle\" data-name=\"url$http%3A%2F%2Fmma.prnewswire.com%2Fmedia%2F2517545%2FCOP16_Riyadh.jpg\" \/><\/div>\n<p>\u00a0<\/p>\n<p>No seu evento &#8220;Road to <span class=\"xn-location\">Riyadh<\/span>&#8221; \u00e0 margem da Assembleia Geral da ONU, aberto pelo Pr\u00edncipe <span class=\"xn-person\">Faisal bin Farhan Al Saud<\/span>, Ministro dos Neg\u00f3cios Estrangeiros, a Ar\u00e1bia Saudita instou os delegados a prepararem-se para tomar medidas decisivas em dezembro, delineando um roteiro para a a\u00e7\u00e3o e o envolvimento internacionais e revelando o programa tem\u00e1tico para a COP.<\/p>\n<p>Presidente da <span class=\"xn-money\">COP16<\/span> e Ministro do Meio Ambiente, \u00c1gua e Agricultura da Ar\u00e1bia Saudita, Eng. Abdulrahman Abdulmohsen AlFadley, disse: &#8220;Este \u00e9 um momento crucial para o nosso planeta. A restaura\u00e7\u00e3o da terra \u00e9 vital para garantir um futuro pr\u00f3spero para as gera\u00e7\u00f5es vindouras.&#8221;<\/p>\n<p>&#8220;\u00c9 crucial que a comunidade internacional se una para\u00a0oferecer solu\u00e7\u00f5es ambiciosas e duradouras que reduzam a degrada\u00e7\u00e3o da terra, combatam a seca e promovam o uso sustent\u00e1vel dos recursos naturais&#8221;, acrescentou o ministro AlFadley. &#8220;Devemos fortalecer a coopera\u00e7\u00e3o internacional para enfrentar os desafios ambientais prementes que o nosso planeta enfrenta.&#8221;<\/p>\n<p>O Ministro AlFadley tamb\u00e9m enfatizou que a realiza\u00e7\u00e3o da <span class=\"xn-money\">COP16<\/span> pela Ar\u00e1bia Saudita reflete seu compromisso com a preserva\u00e7\u00e3o e restaura\u00e7\u00e3o ambiental, tanto nacional quanto internacionalmente, citando iniciativas como a Iniciativa Verde da Ar\u00e1bia Saudita, a Iniciativa Verde do Oriente M\u00e9dio e a Iniciativa Global de Terras do G20.<\/p>\n<p>Embora as tend\u00eancias de degrada\u00e7\u00e3o da terra variem entre as regi\u00f5es, os dados da UNCCD alertam que, se os padr\u00f5es atuais continuarem, o mundo precisar\u00e1 restaurar 1,5 bilh\u00e3o de hectares de terras degradadas at\u00e9 2030 para cumprir as metas de Neutralidade da Degrada\u00e7\u00e3o da Terra descritas nos Objetivos de Desenvolvimento Sustent\u00e1vel. Em Riade, sob a Presid\u00eancia do Reino da Ar\u00e1bia Saudita da <span class=\"xn-money\">COP16<\/span>, haver\u00e1 um forte impulso para compromissos mais concretos para acelerar os esfor\u00e7os de restaura\u00e7\u00e3o e cumprir este objetivo cr\u00edtico.<\/p>\n<p>As principais partes interessadas de organiza\u00e7\u00f5es internacionais, governos e sociedade civil tamb\u00e9m abordaram a crescente necessidade de aumentar a ambi\u00e7\u00e3o e enfrentar os desafios globais causados pela degrada\u00e7\u00e3o da terra, incluindo seca, inseguran\u00e7a alimentar e migra\u00e7\u00e3o for\u00e7ada, juntamente com a necessidade urgente de a\u00e7\u00e3o multilateral para enfrent\u00e1-los.<\/p>\n<p>O Secret\u00e1rio Executivo da UNCCD, <span class=\"xn-person\">Ibrahim Thiaw<\/span>, disse: &#8220;A degrada\u00e7\u00e3o da terra e a seca afetam quase metade da popula\u00e7\u00e3o mundial, especialmente comunidades ind\u00edgenas, pequenos agricultores, mulheres e jovens. A <span class=\"xn-money\">COP16<\/span> em Riade ser\u00e1 um momento crucial para acelerar a restaura\u00e7\u00e3o de terras em larga escala e aumentar a resili\u00eancia \u00e0 seca, com m\u00faltiplos benef\u00edcios para as pessoas, a natureza e o clima. Nosso sucesso depende da ambi\u00e7\u00e3o de todas as partes e do nosso compromisso de redefinir nosso relacionamento com a terra para as gera\u00e7\u00f5es futuras.&#8221;<\/p>\n<p>De acordo com a UNCCD, at\u00e9 40% das terras do mundo j\u00e1 est\u00e3o degradadas, afetando diretamente cerca de 3,2 bilh\u00f5es de pessoas. Ao mesmo tempo, as secas est\u00e3o ocorrendo com mais frequ\u00eancia e intensidade &#8211; um aumento de 29% desde 2000. Estima-se que 75% das pessoas em todo o mundo ser\u00e3o afetadas pela seca at\u00e9 2050.<\/p>\n<p><b>Sobre a <span class=\"xn-money\">COP16<\/span> <span class=\"xn-location\">Riyadh<\/span>:<br \/><\/b>A confer\u00eancia acontecer\u00e1 de 2 a 13 de dezembro de 2024 em Riad, na Ar\u00e1bia Saudita, e ser\u00e1 a primeira COP da UNCCD a apresentar uma <span class=\"xn-person\">Zona Verde<\/span>, proporcionando um espa\u00e7o para as empresas e a sociedade civil oferecerem solu\u00e7\u00f5es duradouras para a degrada\u00e7\u00e3o da terra, desertifica\u00e7\u00e3o e seca. Para mais informa\u00e7\u00f5es, visite\u00a0<a href=\"https:\/\/www.unccdcop16.org\/\" target=\"_blank\" rel=\"nofollow noopener\">UNCCDCOP16.org<\/a>.<\/p>\n<p>Os jornalistas s\u00e3o convidados a solicitar o credenciamento por meio do Sistema de Registro\u00a0<a href=\"https:\/\/indico.un.org\/event\/1005866\/registrations\/15631\/\" target=\"_blank\" rel=\"nofollow noopener\">Online da UNCCD<\/a>.<\/p>\n<p>Foto:\u00a0<a href=\"https:\/\/mma.prnewswire.com\/media\/2517545\/COP16_Riyadh.jpg\" target=\"_blank\" rel=\"nofollow noopener\">https:\/\/mma.prnewswire.com\/media\/2517545\/COP16_Riyadh.jpg<\/a><\/p>\n<p><b>Para consultas de m\u00eddia, entre em contato com:<\/b> <a href=\"mailto:media@unccdcop16.org\" target=\"_blank\" rel=\"nofollow noopener\">media@unccdcop16.org<\/a>\u00a0 ou\u00a0<a href=\"mailto:press@unccd.int\" target=\"_blank\" rel=\"nofollow noopener\">press@unccd.int<\/a><\/p>\n<p id=\"PURL\"><img loading=\"lazy\" decoding=\"async\" title=\"Cision\" width=\"12\" height=\"12\" alt=\"Cision\" src=\"https:\/\/c212.net\/c\/img\/favicon.png?sn=PT17621&amp;sd=2024-09-27\" \/> View original content:<a id=\"PRNURL\" rel=\"nofollow noopener\" href=\"https:\/\/www.prnewswire.com\/br\/comunicados-para-a-imprensa\/nas-nacoes-unidas-arabia-saudita-pede-colaboracao-global-para-combater-a-degradacao-da-terra-na-cop16-em-riad-302260995.html\" target=\"_blank\">https:\/\/www.prnewswire.com\/br\/comunicados-para-a-imprensa\/nas-nacoes-unidas-arabia-saudita-pede-colaboracao-global-para-combater-a-degradacao-da-terra-na-cop16-em-riad-302260995.html<\/a><\/p>\n<p>FONTE  <span class=\"xn-money\">COP16<\/span> <span class=\"xn-location\">Riyadh<\/span><\/p>\n<\/div>\n<p><img decoding=\"async\" alt=\"\" src=\"https:\/\/rt.prnewswire.com\/rt.gif?NewsItemId=PT17621&amp;Transmission_Id=202409270708PR_NEWS_LATAM____PT17621&amp;DateId=20240927\" style=\"border:0px;width:1px;height:1px\" \/><\/p>\n<p>A <b>OESP<\/b> n\u00e3o \u00e9(s\u00e3o) respons\u00e1vel(is) por erros, incorre\u00e7\u00f5es, atrasos ou quaisquer decis\u00f5es tomadas por seus clientes com base nos Conte\u00fados ora disponibilizados, bem como tais Conte\u00fados n\u00e3o representam a opini\u00e3o da <b>OESP<\/b> e s\u00e3o de inteira responsabilidade da <b>PR Newswire Ltda<\/b><\/p>\n","protected":false},"excerpt":{"rendered":"Ar\u00e1bia Saudita pediu aos formuladores de pol\u00edticas do mundo que abordem urgentemente a degrada\u00e7\u00e3o da terra, a seca e a desertifica\u00e7\u00e3o antes da16\u00aa \u00a0Conven\u00e7\u00e3o\u00a0das Na\u00e7\u00f5es Unidas de C","protected":false},"author":1,"featured_media":0,"comment_status":"open","ping_status":"closed","sticky":false,"template":"","format":"standard","meta":{"_acf_changed":false,"inline_featured_image":false,"_monsterinsights_skip_tracking":false,"_monsterinsights_sitenote_active":false,"_monsterinsights_sitenote_note":"","_monsterinsights_sitenote_category":0,"footnotes":""},"categories":[28],"tags":[],"class_list":["post-100861","post","type-post","status-publish","format-standard","hentry","category-prnewsbrasil"],"acf":[],"_links":{"self":[{"href":"https:\/\/bluestudio.estadao.com.br\/agencia-de-comunicacao\/wp-json\/wp\/v2\/posts\/100861","targetHints":{"allow":["GET"]}}],"collection":[{"href":"https:\/\/bluestudio.estadao.com.br\/agencia-de-comunicacao\/wp-json\/wp\/v2\/posts"}],"about":[{"href":"https:\/\/bluestudio.estadao.com.br\/agencia-de-comunicacao\/wp-json\/wp\/v2\/types\/post"}],"author":[{"embeddable":true,"href":"https:\/\/bluestudio.estadao.com.br\/agencia-de-comunicacao\/wp-json\/wp\/v2\/users\/1"}],"replies":[{"embeddable":true,"href":"https:\/\/bluestudio.estadao.com.br\/agencia-de-comunicacao\/wp-json\/wp\/v2\/comments?post=100861"}],"version-history":[{"count":0,"href":"https:\/\/bluestudio.estadao.com.br\/agencia-de-comunicacao\/wp-json\/wp\/v2\/posts\/100861\/revisions"}],"wp:attachment":[{"href":"https:\/\/bluestudio.estadao.com.br\/agencia-de-comunicacao\/wp-json\/wp\/v2\/media?parent=100861"}],"wp:term":[{"taxonomy":"category","embeddable":true,"href":"https:\/\/bluestudio.estadao.com.br\/agencia-de-comunicacao\/wp-json\/wp\/v2\/categories?post=100861"},{"taxonomy":"post_tag","embeddable":true,"href":"https:\/\/bluestudio.estadao.com.br\/agencia-de-comunicacao\/wp-json\/wp\/v2\/tags?post=100861"}],"curies":[{"name":"wp","href":"https:\/\/api.w.org\/{rel}","templated":true}]}}