{"id":100817,"date":"2024-09-26T13:47:28","date_gmt":"2024-09-26T16:47:28","guid":{"rendered":"https:\/\/bluestudio.estadao.com.br\/agencia-de-comunicacao\/?p=100817"},"modified":"2024-09-26T13:48:25","modified_gmt":"2024-09-26T16:48:25","slug":"anm-e-serpro-lancam-o-primeiro-data-lake-do-governo-para-o-setor-mineral","status":"publish","type":"post","link":"https:\/\/bluestudio.estadao.com.br\/agencia-de-comunicacao\/agencia-minera-brasil\/anm-e-serpro-lancam-o-primeiro-data-lake-do-governo-para-o-setor-mineral\/","title":{"rendered":"ANM e Serpro Lan\u00e7am o primeiro Data Lake do Governo para o Setor Mineral"},"content":{"rendered":"\n<p><strong>Tecnologia vai permitir a capta\u00e7\u00e3o seletiva de dados, promover an\u00e1lises avan\u00e7adas e otimizar sistemas para transformar o ecossistema de gest\u00e3o mineral no pa\u00eds, integrando informa\u00e7\u00f5es e promovendo a efici\u00eancia no setor.<\/strong><\/p>\n\n\n\n<p><strong>A Ag\u00eancia Nacional de Minera\u00e7\u00e3o (ANM) e o Serpro lan\u00e7aram o primeiro Data Lake governamental dedicado \u00e0 an\u00e1lise de dados do setor mineral. Essa tecnologia vai permitir a coleta seletiva de dados, realizar an\u00e1lises avan\u00e7adas e otimizar sistemas, beneficiando a gest\u00e3o do setor mineral brasileiro.<\/strong><\/p>\n\n\n\n<p>De acordo com Alysson Magalh\u00e3es, gerente do departamento de solu\u00e7\u00f5es digitais para minera\u00e7\u00e3o do Serpro, o Data Lake j\u00e1 est\u00e1 em opera\u00e7\u00e3o, integrando 20 bases de dados da ANM com atualiza\u00e7\u00f5es autom\u00e1ticas di\u00e1rias. J\u00e1 em outubro, o sistema dever\u00e1 gerar um painel focado em intelig\u00eancia fiscal na arrecada\u00e7\u00e3o mineral.<br>Esse lan\u00e7amento faz parte de um movimento de moderniza\u00e7\u00e3o das normas e sistemas de minera\u00e7\u00e3o no pa\u00eds, com o uso de tecnologias como a intelig\u00eancia artificial para promover a interoperabilidade entre diferentes bases de dados governamentais. O objetivo \u00e9 transformar a gest\u00e3o dos recursos minerais do Brasil.<br>Para Fabio Borges, superintendente de inova\u00e7\u00e3o da ANM, o projeto \u00e9 um marco para o setor mineral, permitindo uma gest\u00e3o mais eficiente e baseada em dados. Al\u00e9m disso, O Data Lake \u00e9 o primeiro passo na constru\u00e7\u00e3o da Plataforma de Gest\u00e3o de Recursos Minerais do Brasil, que dever\u00e1 incluir dados de estados e munic\u00edpios e tem previs\u00e3o de lan\u00e7amento em 2025.<br>Alysson Costa, gerente de neg\u00f3cios do Serpro, tamb\u00e9m destacou a import\u00e2ncia da parceria, ressaltando que a nova tecnologia possibilitar\u00e1 uma an\u00e1lise mais \u00e1gil e precisa dos recursos minerais, garantindo maior transpar\u00eancia para mineradoras, governos e munic\u00edpios.<\/p>\n\n\n\n<p>A&nbsp;<strong>OESP<\/strong>&nbsp;n\u00e3o \u00e9(s\u00e3o) respons\u00e1vel(is) por erros, incorre\u00e7\u00f5es, atrasos ou quaisquer decis\u00f5es tomadas por seus clientes com base nos Conte\u00fados ora disponibilizados, bem como tais Conte\u00fados n\u00e3o representam a opini\u00e3o da&nbsp;<strong>OESP<\/strong>&nbsp;e s\u00e3o de inteira responsabilidade da&nbsp;<strong>Ag\u00eancia Minera Brasil<\/strong><\/p>\n","protected":false},"excerpt":{"rendered":"Tecnologia vai permitir a capta\u00e7\u00e3o seletiva de dados, promover an\u00e1lises avan\u00e7adas e otimizar sistemas para transformar o ecossistema de gest\u00e3o mineral no pa\u00eds, integrando informa\u00e7\u00f5es e","protected":false},"author":12,"featured_media":0,"comment_status":"open","ping_status":"closed","sticky":false,"template":"","format":"standard","meta":{"_acf_changed":false,"inline_featured_image":false,"_monsterinsights_skip_tracking":false,"_monsterinsights_sitenote_active":false,"_monsterinsights_sitenote_note":"","_monsterinsights_sitenote_category":0,"footnotes":""},"categories":[351],"tags":[],"class_list":["post-100817","post","type-post","status-publish","format-standard","hentry","category-agencia-minera-brasil"],"acf":[],"_links":{"self":[{"href":"https:\/\/bluestudio.estadao.com.br\/agencia-de-comunicacao\/wp-json\/wp\/v2\/posts\/100817","targetHints":{"allow":["GET"]}}],"collection":[{"href":"https:\/\/bluestudio.estadao.com.br\/agencia-de-comunicacao\/wp-json\/wp\/v2\/posts"}],"about":[{"href":"https:\/\/bluestudio.estadao.com.br\/agencia-de-comunicacao\/wp-json\/wp\/v2\/types\/post"}],"author":[{"embeddable":true,"href":"https:\/\/bluestudio.estadao.com.br\/agencia-de-comunicacao\/wp-json\/wp\/v2\/users\/12"}],"replies":[{"embeddable":true,"href":"https:\/\/bluestudio.estadao.com.br\/agencia-de-comunicacao\/wp-json\/wp\/v2\/comments?post=100817"}],"version-history":[{"count":4,"href":"https:\/\/bluestudio.estadao.com.br\/agencia-de-comunicacao\/wp-json\/wp\/v2\/posts\/100817\/revisions"}],"predecessor-version":[{"id":100823,"href":"https:\/\/bluestudio.estadao.com.br\/agencia-de-comunicacao\/wp-json\/wp\/v2\/posts\/100817\/revisions\/100823"}],"wp:attachment":[{"href":"https:\/\/bluestudio.estadao.com.br\/agencia-de-comunicacao\/wp-json\/wp\/v2\/media?parent=100817"}],"wp:term":[{"taxonomy":"category","embeddable":true,"href":"https:\/\/bluestudio.estadao.com.br\/agencia-de-comunicacao\/wp-json\/wp\/v2\/categories?post=100817"},{"taxonomy":"post_tag","embeddable":true,"href":"https:\/\/bluestudio.estadao.com.br\/agencia-de-comunicacao\/wp-json\/wp\/v2\/tags?post=100817"}],"curies":[{"name":"wp","href":"https:\/\/api.w.org\/{rel}","templated":true}]}}