{"id":100618,"date":"2024-09-23T16:56:44","date_gmt":"2024-09-23T19:56:44","guid":{"rendered":"https:\/\/bluestudio.estadao.com.br\/agencia-de-comunicacao\/?p=100618"},"modified":"2024-09-23T16:56:46","modified_gmt":"2024-09-23T19:56:46","slug":"semana-do-clima-das-nacoes-unidas-um-encontro-vital-para-a-sustentabilidade-global","status":"publish","type":"post","link":"https:\/\/bluestudio.estadao.com.br\/agencia-de-comunicacao\/agencia-minera-brasil\/semana-do-clima-das-nacoes-unidas-um-encontro-vital-para-a-sustentabilidade-global\/","title":{"rendered":"Semana do Clima das Na\u00e7\u00f5es Unidas: Um Encontro Vital para a Sustentabilidade Global"},"content":{"rendered":"\n<p><strong>Sigma Lithium fala na Semana do Clima das Na\u00e7\u00f5es Unidas sobre produ\u00e7\u00e3o \u00e9tica comprometida com os direitos humanos, as certifica\u00e7\u00f5es necess\u00e1rias para rastreabilidade das condi\u00e7\u00f5es de trabalho, incluindo o sal\u00e1rio digno e somando-se ao respeito ao meio ambiente na produ\u00e7\u00e3o dos diversos insumos para produ\u00e7\u00e3o de baterias, t\u00e3o necess\u00e1rias \u00e0 transi\u00e7\u00e3o energ\u00e9tica. Ana Cabral CEO da companhia ser\u00e1 uma das palestrantes sobre clima, sustentabilidade, impacto social e redu\u00e7\u00e3o das pegadas carbono no evento World Climate Summit, que re\u00fane l\u00edderes clim\u00e1ticos globais e traz luz aos temas que ser\u00e3o tamb\u00e9m debatidos na COP29 em Baku. Ana tamb\u00e9m ser\u00e1 speaker no evento do Financial Times.<\/strong><\/p>\n\n\n\n<p><strong>A mudan\u00e7a clim\u00e1tica representa um dos maiores desafios do nosso tempo, afetando ecossistemas, economias e comunidades ao redor do mundo. E o Brasil tem liderado discuss\u00f5es importantes sobre o tema. O pa\u00eds estimula o di\u00e1logo entre diferentes atores da economia global visando impulsionar a implementa\u00e7\u00e3o de pol\u00edticas clim\u00e1ticas para dar respostas a essa crise que afeta o planeta.<\/strong><\/p>\n\n\n\n<p>\u00c0s v\u00e9speras da 79\u00aa Assembleia Geral das Na\u00e7\u00f5es Unidas (ONU) e para a Climate Week NYC (a Semana do Clima de Nova York), empresas, especialistas, organiza\u00e7\u00f5es n\u00e3o governamentais e representantes da sociedade civil, est\u00e3o em Nova York, participando de eventos para promover a\u00e7\u00f5es e compromissos que visam a cria\u00e7\u00e3o de um futuro sustent\u00e1vel.<\/p>\n\n\n\n<p><strong>Brasil provedor de solu\u00e7\u00f5es para a transi\u00e7\u00e3o clim\u00e1tica global<\/strong><\/p>\n\n\n\n<p>A Sigma Lithium est\u00e1 participando ativamente dos debates em Nova York a favor do clima. No Brasil Climate Summit que reuniu empresas, bancos p\u00fablicos e privados e ag\u00eancias do governo federal para impulsionar a a\u00e7\u00e3o clim\u00e1tica no pa\u00eds, Daniel Abdo, diretor de Desenvolvimento de Neg\u00f3cios da empresa destacou o papel do Brasil como provedor de solu\u00e7\u00f5es para a transi\u00e7\u00e3o clim\u00e1tica global.<br>O executivo ressaltou ainda a necessidade de fornecimento \u00e9tico e rastreabilidade na cadeia produtiva do l\u00edtio. Abdo acredita que o Brasil tem potencial para ser um fornecedor l\u00edder de minerais verdes cr\u00edticos para o hemisf\u00e9rio norte. Adbo participou ainda de painel sobre Minerais Cr\u00edticos e a Transi\u00e7\u00e3o Energ\u00e9tica debates do SDGs In Brasil, organizado pelo Pacto Global da ONU.<\/p>\n\n\n\n<p><br>Ligia Pinto VP de Rela\u00e7\u00f5es Institucionais da Sigma Lithium tamb\u00e9m esteve presente aos debates do SDGs In Brasil e participou de reuni\u00e3o da c\u00fapula do C20 com a Primeira-Dama Janja Lula da Silva, quando foram debatidos modelos econ\u00f4micos de perpetua\u00e7\u00e3o das desigualdades e dados sobre os impactos dessas mesmas desigualdades com a presen\u00e7a de representantes da sociedade civil de diversos pa\u00edses da Am\u00e9rica Latina e Caribe, incluindo povos ind\u00edgenas e ascend\u00eancias \u00e9tnico-raciais variadas.<br>Considerado o maior encontro de sustentabilidade corporativa do mundo, a Climate Week e os eventos paralelos, reuniu este ano centenas de l\u00edderes empresariais para discutir quest\u00f5es de meio ambiente, direitos humanos, trabalho, integridade e finan\u00e7as.<\/p>\n\n\n\n<p><strong>Fundo clima busca financiar projetos sustent\u00e1veis<\/strong><\/p>\n\n\n\n<p>O encontro teve ainda a participa\u00e7\u00e3o da primeira-dama Janja Silva, que discursou sobre o clima, seca e desenvolvimento social. Luciana Costa, diretora de Transi\u00e7\u00e3o Energ\u00e9tica do BNDES falou sobre o fundo clima que busca financiar projetos que visem \u00e0 redu\u00e7\u00e3o de emiss\u00f5es de gases de efeito estufa e \u00e0 adapta\u00e7\u00e3o aos efeitos da mudan\u00e7a do clima.<\/p>\n\n\n\n<p>Com recursos do Novo Fundo Clima, a empresa ampliar\u00e1 sua produ\u00e7\u00e3o de l\u00edtio, utilizando energia limpa, reutilizando \u00e1gua e sem barragens de rejeitos. Em agosto o BNDES aprovou financiamento no valor de R$ 486,7 milh\u00f5es para companhia implantar uma nova unidade de beneficiamento de l\u00edtio de forma sustent\u00e1vel, no Vale do Jequitinhonha, umas das regi\u00f5es mais carentes do pa\u00eds, que tem se desenvolvido com a chegada da ind\u00fastria do l\u00edtio.<\/p>\n\n\n\n<p>A Sigma Lithium tem sido um modelo para outras empresas que est\u00e3o chegando na regi\u00e3o. A Empresa investe em educa\u00e7\u00e3o, sa\u00fade, infraestrutura, sustentabilidade e igualdade de g\u00eanero, demonstrando compromisso com as comunidades locais.<\/p>\n\n\n\n<p><strong>Agrega\u00e7\u00e3o de valor na ind\u00fastria do l\u00edtio no Brasil<\/strong><\/p>\n\n\n\n<p>Jorge Viana, presidente da APEX disse durante painel sobre bioeconomia na Amaz\u00f4nia que o pa\u00eds n\u00e3o quer ser apenas exportador de minerais cr\u00edticos, mas sim, agregar valor. Segundo ele os EUA j\u00e1 investiram U$ 7 bilh\u00f5es no pa\u00eds em projetos greenfield.<br>A Sigma Lithium est\u00e1 envolvida no processo de fabrica\u00e7\u00e3o de baterias para ve\u00edculos el\u00e9tricos, processando industrialmente &#8211; grau bateria- o espodum\u00eanio, mineral que cont\u00e9m o l\u00edtio. O valor agregado gerado pelo processamento verde realizado pela Sigma Lithium em sua planta industrial, supera cerca de 10 vezes o valor do espodum\u00eanio bruto. E, mesmo diante do decr\u00e9scimo do pre\u00e7o do l\u00edtio no \u00faltimo ano, \u00e9 a maior margem da cadeia de produ\u00e7\u00e3o de baterias de carros el\u00e9tricos e que garante ao Brasil manter no pa\u00eds a parte da cadeia de maior valor agregado<\/p>\n\n\n\n<p><strong>Empoderamento das mulheres<\/strong><\/p>\n\n\n\n<p>Tarciana Medeiros presidente do Banco do Brasil falou no Pacto Global da ONU sobre cr\u00e9dito para mulheres, sal\u00e1rio justo, igualdade de remunera\u00e7\u00e3o entre homens e mulheres e aten\u00e7\u00e3o \u00e0s iniciativas que j\u00e1 d\u00e3o resultado. Ela ressaltou ainda a import\u00e2ncia de CEOs promoverem o engajamento da alta lideran\u00e7a.<br>Ligia Pinto, avalia que a fala de Tarciana Medeiros vem ao encontro das a\u00e7\u00f5es de empoderamento das mulheres que a Sigma vem realizando no Vale Jequitinhonha. Ele citou como exemplo o programa de microcr\u00e9dito Dona de Mim, criado em parceria com o Grupo Mulheres do Brasil, que se tornou a maior iniciativa privada no Brasil voltada \u00e0 gera\u00e7\u00e3o de renda de mulheres.<\/p>\n\n\n\n<p><br>A empresa j\u00e1 investiu em linhas de cr\u00e9dito para 2 mil microempreendedoras O programa conta com orienta\u00e7\u00e3o financeira, uma plataforma de cursos online e eventos presenciais de forma\u00e7\u00e3o empreendedora, al\u00e9m de mentoria para o desenvolvimento dos neg\u00f3cios. A empresa j\u00e1 anunciou a expans\u00e3o do programa para alcan\u00e7ar 10 mil concess\u00f5es de cr\u00e9dito que vai beneficiar 50 mil pessoas.<br>&#8220;O objetivo da iniciativa \u00e9 fomentar a autonomia da mulher, dando a ela, al\u00e9m de empoderamento, a liberdade de lutar contra situa\u00e7\u00f5es de opress\u00e3o e viol\u00eancia em que antes se via impedida pela depend\u00eancia financeira&#8221;, explica Ligia Pinto, vice-presidente de Rela\u00e7\u00f5es Institucionais. O programa est\u00e1 conectado aos Objetivos de Desenvolvimento Sustent\u00e1vel da ONU para igualdade de g\u00eanero, trabalho decente e crescimento econ\u00f4mico, redu\u00e7\u00e3o das desigualdades, parcerias e meios de implementa\u00e7\u00e3o.<\/p>\n\n\n\n<p><strong>Desenvolvimento sustent\u00e1vel<\/strong><\/p>\n\n\n\n<p>Ainda durante a confer\u00eancia do Pacto Global, Luiz Roberto Barroso, presidente do Supremo Tribunal Federal (STF), falou sobre desenvolvimento sustent\u00e1vel e novas tecnologias e o papel do Judici\u00e1rio. Ele destacou desafios e oportunidades do pa\u00eds. Segundo o Barroso, o desenvolvimento sustent\u00e1vel, agrega as dimens\u00f5es econ\u00f4mica, social e ambiental. Ele mencionou os Objetivos de Desenvolvimento Sustent\u00e1vel (ODS), que buscam integrar esses pilares e promover uma vis\u00e3o hol\u00edstica do desenvolvimento.<\/p>\n\n\n\n<p><br>Barroso citou disso o \u00cdndice de Progresso Social (IPS) como uma ferramenta recente para medir o desenvolvimento sustent\u00e1vel no pa\u00eds, focado na satisfa\u00e7\u00e3o de necessidades b\u00e1sicas, bem-estar social e cria\u00e7\u00e3o de oportunidades. O ministro considera o combate \u00e0 fome, a prioridade n\u00famero um do Brasil, dado que o pa\u00eds \u00e9 um dos maiores exportadores de alimentos do mundo. Sobre o crescimento econ\u00f4mico, ele observa que o Brasil teve um crescimento de 3% em 2023, mas ainda est\u00e1 abaixo do necess\u00e1rio para enfrentar os desafios de pobreza e desigualdade.<br>Na \u00e1rea da educa\u00e7\u00e3o, Barroso destacou a urg\u00eancia de melhorar a qualidade do ensino b\u00e1sico, abordando problemas como alfabetiza\u00e7\u00e3o tardia, evas\u00e3o escolar e d\u00e9ficit de aprendizado. Ele tamb\u00e9m criticou a baixa atratividade das carreiras de magist\u00e9rio, que impacta diretamente a qualidade do ensino. Sobre a sa\u00fade, ele elogiou o Sistema \u00danico de Sa\u00fade (SUS), destacando-o como o maior projeto de inclus\u00e3o social do Brasil, e relembra seu papel crucial durante a pandemia de COVID-19, apesar das dificuldades de gest\u00e3o e subfinanciamento.<\/p>\n\n\n\n<p><br>Barroso tamb\u00e9m comentou sobre a necessidade de investir em ci\u00eancia e tecnologia, lembrando que as empresas mais valiosas do mundo hoje s\u00e3o as de tecnologia, como Google, Amazon e Apple, e n\u00e3o mais as ind\u00fastrias tradicionais. Ele defendeu uma valoriza\u00e7\u00e3o da livre iniciativa, bem regulada e tributada de forma justa, como caminho para o progresso econ\u00f4mico e social.<\/p>\n\n\n\n<p><br>No que se refere ao meio ambiente, Barroso destacou a import\u00e2ncia do Brasil como l\u00edder global em sustentabilidade, lembrando que a matriz energ\u00e9tica limpa do pa\u00eds, com energias renov\u00e1veis, como solar e e\u00f3lica, \u00e9 um diferencial. Destacou tamb\u00e9m o papel fundamental da Amaz\u00f4nia na preserva\u00e7\u00e3o da biodiversidade e no ciclo das \u00e1guas. Ele fez uma alerta contra o desmatamento, a minera\u00e7\u00e3o ilegal e a grilagem, que prejudicam o meio ambiente e a sustentabilidade do agroneg\u00f3cio.<br>Barroso disse ainda que a quarta revolu\u00e7\u00e3o industrial \u00e9 marcada pela intelig\u00eancia artificial, biotecnologia, nanotecnologia e a internet das coisas. Ele falou dos benef\u00edcios dessas inova\u00e7\u00f5es, como a automa\u00e7\u00e3o e avan\u00e7os em medicina, educa\u00e7\u00e3o e sistema de justi\u00e7a, mas tamb\u00e9m advertiu sobre os riscos, como o impacto no mercado de trabalho, a desinforma\u00e7\u00e3o e o uso de fake news que podem comprometer a confian\u00e7a p\u00fablica. Ele refor\u00e7ou a necessidade de uma regula\u00e7\u00e3o eficaz para assegurar que essas tecnologias avancem em uma trilha \u00e9tica.<\/p>\n\n\n\n<p><br>A participa\u00e7\u00e3o do Brasil no Pacto Global da ONU \u00e9 um reflexo do compromisso do pa\u00eds com a promo\u00e7\u00e3o de pr\u00e1ticas empresariais respons\u00e1veis e pol\u00edticas p\u00fablicas que permitam e fomentem o desenvolvimento da Nova Ind\u00fastria Brasil, de novas tecnologias e de novos modelos de financiamento de projetos.<br>O evento em Nova York n\u00e3o apenas permite a troca de experi\u00eancias, mas tamb\u00e9m fortalece a colabora\u00e7\u00e3o entre setores, contribuindo para um futuro mais sustent\u00e1vel e inclusivo. Ao continuar a se engajar ativamente, o Brasil pode se tornar um modelo de refer\u00eancia em responsabilidade social corporativa e desenvolvimento sustent\u00e1vel.<\/p>\n\n\n\n<p>A&nbsp;<strong>OESP<\/strong>&nbsp;n\u00e3o \u00e9(s\u00e3o) respons\u00e1vel(is) por erros, incorre\u00e7\u00f5es, atrasos ou quaisquer decis\u00f5es tomadas por seus clientes com base nos Conte\u00fados ora disponibilizados, bem como tais Conte\u00fados n\u00e3o representam a opini\u00e3o da&nbsp;<strong>OESP<\/strong>&nbsp;e s\u00e3o de inteira responsabilidade da&nbsp;<strong>Ag\u00eancia Minera Brasil<\/strong><\/p>\n","protected":false},"excerpt":{"rendered":"Sigma Lithium fala na Semana do Clima das Na\u00e7\u00f5es Unidas sobre produ\u00e7\u00e3o \u00e9tica comprometida com os direitos humanos, as certifica\u00e7\u00f5es necess\u00e1rias para rastreabilidade das condi\u00e7\u00f5es de","protected":false},"author":12,"featured_media":0,"comment_status":"open","ping_status":"closed","sticky":false,"template":"","format":"standard","meta":{"_acf_changed":false,"inline_featured_image":false,"_monsterinsights_skip_tracking":false,"_monsterinsights_sitenote_active":false,"_monsterinsights_sitenote_note":"","_monsterinsights_sitenote_category":0,"footnotes":""},"categories":[351],"tags":[],"class_list":["post-100618","post","type-post","status-publish","format-standard","hentry","category-agencia-minera-brasil"],"acf":[],"_links":{"self":[{"href":"https:\/\/bluestudio.estadao.com.br\/agencia-de-comunicacao\/wp-json\/wp\/v2\/posts\/100618","targetHints":{"allow":["GET"]}}],"collection":[{"href":"https:\/\/bluestudio.estadao.com.br\/agencia-de-comunicacao\/wp-json\/wp\/v2\/posts"}],"about":[{"href":"https:\/\/bluestudio.estadao.com.br\/agencia-de-comunicacao\/wp-json\/wp\/v2\/types\/post"}],"author":[{"embeddable":true,"href":"https:\/\/bluestudio.estadao.com.br\/agencia-de-comunicacao\/wp-json\/wp\/v2\/users\/12"}],"replies":[{"embeddable":true,"href":"https:\/\/bluestudio.estadao.com.br\/agencia-de-comunicacao\/wp-json\/wp\/v2\/comments?post=100618"}],"version-history":[{"count":1,"href":"https:\/\/bluestudio.estadao.com.br\/agencia-de-comunicacao\/wp-json\/wp\/v2\/posts\/100618\/revisions"}],"predecessor-version":[{"id":100619,"href":"https:\/\/bluestudio.estadao.com.br\/agencia-de-comunicacao\/wp-json\/wp\/v2\/posts\/100618\/revisions\/100619"}],"wp:attachment":[{"href":"https:\/\/bluestudio.estadao.com.br\/agencia-de-comunicacao\/wp-json\/wp\/v2\/media?parent=100618"}],"wp:term":[{"taxonomy":"category","embeddable":true,"href":"https:\/\/bluestudio.estadao.com.br\/agencia-de-comunicacao\/wp-json\/wp\/v2\/categories?post=100618"},{"taxonomy":"post_tag","embeddable":true,"href":"https:\/\/bluestudio.estadao.com.br\/agencia-de-comunicacao\/wp-json\/wp\/v2\/tags?post=100618"}],"curies":[{"name":"wp","href":"https:\/\/api.w.org\/{rel}","templated":true}]}}