{"id":100616,"date":"2024-09-23T15:58:00","date_gmt":"2024-09-23T18:58:00","guid":{"rendered":"https:\/\/bluestudio.estadao.com.br\/agencia-de-comunicacao\/prnewswire\/prnewsbrasil\/dubai-cares-divulga-relatorio-rewiring-education-the-climate-education-nexus\/"},"modified":"2024-09-23T15:58:00","modified_gmt":"2024-09-23T18:58:00","slug":"dubai-cares-divulga-relatorio-rewiring-education-the-climate-education-nexus","status":"publish","type":"post","link":"https:\/\/bluestudio.estadao.com.br\/agencia-de-comunicacao\/prnewswire\/prnewsbrasil\/dubai-cares-divulga-relatorio-rewiring-education-the-climate-education-nexus\/","title":{"rendered":"Dubai Cares divulga relat\u00f3rio &#8216;Rewiring Education: The Climate-Education Nexus&#8217;"},"content":{"rendered":"<p><b>PR NEWSWIRE<\/b><\/p>\n<div class=\"xn-content\">\n<ul type=\"disc\">\n<li>Fornece um roteiro abrangente que une as metas de educa\u00e7\u00e3o e clima e descreve as principais recomenda\u00e7\u00f5es para impulsionar a\u00e7\u00f5es significativas no nexo clima-educa\u00e7\u00e3o<\/li>\n<\/ul>\n<p><span class=\"legendSpanClass\"><span class=\"xn-location\">DUBAI<\/span>, Emirados \u00c1rabes Unidos<\/span>, <span class=\"legendSpanClass\">23 de setembro de 2024<\/span> \/PRNewswire\/ &#8212; A Dubai Cares lan\u00e7ou seu \u00faltimo relat\u00f3rio, &#8220;Rewiring Education: The Climate-Education Nexus&#8221;, defendendo a integra\u00e7\u00e3o entre educa\u00e7\u00e3o e a\u00e7\u00e3o clim\u00e1tica, durante a 79\u00aa semana da Assembleia Geral das Na\u00e7\u00f5es Unidas (AGNU). Este relat\u00f3rio \u00e9 o resultado de dois anos de consultas e discuss\u00f5es no RewirEd Summit 2023 na <span class=\"xn-money\">COP28<\/span> Emirados \u00c1rabes Unidos e al\u00e9m, reunindo insights das partes interessadas em educa\u00e7\u00e3o e clima.<\/p>\n<div id=\"prni_dvprnejpg2045left\" dir=\"ltr\" style=\"width: 100%;text-align: left\"><img decoding=\"async\" id=\"prnejpg2045left\" title=\"H.E. Dr. Tariq Al Gurg, CEO and Vice-Chairman of Dubai Cares speaking at RewirEd Summit 2023\" src=\"https:\/\/mma.prnewswire.com\/media\/2512833\/Dubai_Cares_CEO.jpg\" alt=\"H.E. Dr. Tariq Al Gurg, CEO and Vice-Chairman of Dubai Cares speaking at RewirEd Summit 2023\" align=\"middle\" \/><\/div>\n<p>Em sua ess\u00eancia, o relat\u00f3rio enfatiza que a a\u00e7\u00e3o clim\u00e1tica e a transforma\u00e7\u00e3o educacional n\u00e3o podem ser abordadas separadamente. Ele destaca o potencial inexplorado do nexo clima-educa\u00e7\u00e3o para impulsionar mudan\u00e7as sist\u00eamicas. O relat\u00f3rio fornece um modelo para unir esfor\u00e7os em educa\u00e7\u00e3o e a\u00e7\u00e3o clim\u00e1tica, oferecendo solu\u00e7\u00f5es pr\u00e1ticas e recomenda\u00e7\u00f5es concretas para integrar essas \u00e1reas em estrat\u00e9gias\u00a0coesas.<\/p>\n<p>Ao comentar o relat\u00f3rio, <b>Sua Excel\u00eancia o Dr. <span class=\"xn-person\">Tariq Al Gurg<\/span>, Diretor Executivo e Vice-Presidente da Dubai Cares<\/b>, declarou: &#8220;O progresso real em quest\u00f5es globais, seja a pobreza, a sa\u00fade ou as mudan\u00e7as clim\u00e1ticas, depende fundamentalmente da transforma\u00e7\u00e3o dos sistemas educacionais. Este relat\u00f3rio oferece um roteiro claro para integrar a educa\u00e7\u00e3o na agenda clim\u00e1tica, ao mesmo tempo que incorpora solu\u00e7\u00f5es clim\u00e1ticas na educa\u00e7\u00e3o. \u00c0 medida que nos <span class=\"xn-money\">COP29<\/span> da <span class=\"xn-money\">COP29<\/span>, pe\u00e7o aos l\u00edderes globais que priorizem a educa\u00e7\u00e3o em suas discuss\u00f5es clim\u00e1ticas e considerem as recomenda\u00e7\u00f5es vitais descritas aqui. O momento de agir \u00e9 agora para equipar todos com os conhecimentos, habilidades e valores necess\u00e1rios para construir um futuro sustent\u00e1vel.&#8221;<\/p>\n<p>O relat\u00f3rio apresenta cinco solu\u00e7\u00f5es &#8220;ganha-ganha&#8221;: desenvolvimento da primeira inf\u00e2ncia (dpi), refei\u00e7\u00f5es escolares amigas do planeta, ensino como profiss\u00e3o verde, desenvolvimento de habilidades verdes para jovens e envolvimento estrat\u00e9gico do setor privado. Estes demonstram como a colabora\u00e7\u00e3o pode alinhar a transforma\u00e7\u00e3o da educa\u00e7\u00e3o com a a\u00e7\u00e3o clim\u00e1tica, o crescimento econ\u00f4mico e o progresso social. O relat\u00f3rio tamb\u00e9m identifica nove recomenda\u00e7\u00f5es-chave em pol\u00edticas, financiamento e pesquisa para criar um ambiente prop\u00edcio que escale essas solu\u00e7\u00f5es.<\/p>\n<p>A RewirEd Summit 2023 na <span class=\"xn-money\">COP28<\/span> Emirados \u00c1rabes Unidos marcou a primeira reuni\u00e3o global sobre a conex\u00e3o entre educa\u00e7\u00e3o e clima, reunindo mais de 1.000 participantes, incluindo chefes de Estado, ministros, CEOs e representantes de 76 pa\u00edses. A C\u00fapula destacou o papel cr\u00edtico que a educa\u00e7\u00e3o desempenha na abordagem dos desafios clim\u00e1ticos e apresentou solu\u00e7\u00f5es inovadoras na interse\u00e7\u00e3o desses dois setores. Com uma forte representa\u00e7\u00e3o global, a C\u00fapula provocou discuss\u00f5es impactantes sobre como garantir que as mudan\u00e7as clim\u00e1ticas n\u00e3o prejudiquem o direito das crian\u00e7as \u00e0 educa\u00e7\u00e3o.<\/p>\n<p>Para baixar o relat\u00f3rio, visite: <a href=\"https:\/\/rewiredsummit.org\/\" target=\"_blank\" rel=\"nofollow noopener\">https:\/\/rewiredsummit.org\/<\/a><\/p>\n<p>Foto &#8211; <a href=\"https:\/\/mma.prnewswire.com\/media\/2512833\/Dubai_Cares_CEO.jpg\" target=\"_blank\" rel=\"nofollow noopener\">https:\/\/mma.prnewswire.com\/media\/2512833\/Dubai_Cares_CEO.jpg<\/a><\/p>\n<p id=\"PURL\"><img loading=\"lazy\" decoding=\"async\" title=\"Cision\" width=\"12\" height=\"12\" alt=\"Cision\" src=\"https:\/\/c212.net\/c\/img\/favicon.png?sn=PT13049&amp;sd=2024-09-23\" \/> View original content:<a id=\"PRNURL\" rel=\"nofollow noopener\" href=\"https:\/\/www.prnewswire.com\/br\/comunicados-para-a-imprensa\/dubai-cares-divulga-relatorio-rewiring-education-the-climate-education-nexus-302256033.html\" target=\"_blank\">https:\/\/www.prnewswire.com\/br\/comunicados-para-a-imprensa\/dubai-cares-divulga-relatorio-rewiring-education-the-climate-education-nexus-302256033.html<\/a><\/p>\n<p>FONTE  Dubai Cares<\/p>\n<\/div>\n<p><img decoding=\"async\" alt=\"\" src=\"https:\/\/rt.prnewswire.com\/rt.gif?NewsItemId=PT13049&amp;Transmission_Id=202409231443PR_NEWS_LATAM____PT13049&amp;DateId=20240923\" style=\"border:0px;width:1px;height:1px\" \/><\/p>\n<p>A <b>OESP<\/b> n\u00e3o \u00e9(s\u00e3o) respons\u00e1vel(is) por erros, incorre\u00e7\u00f5es, atrasos ou quaisquer decis\u00f5es tomadas por seus clientes com base nos Conte\u00fados ora disponibilizados, bem como tais Conte\u00fados n\u00e3o representam a opini\u00e3o da <b>OESP<\/b> e s\u00e3o de inteira responsabilidade da <b>PR Newswire Ltda<\/b><\/p>\n","protected":false},"excerpt":{"rendered":"A Dubai Cares lan\u00e7ou seu \u00faltimo relat\u00f3rio, &#8220;Rewiring Education: The Climate-Education Nexus&#8221;, defendendo a integra\u00e7\u00e3o entre educa\u00e7\u00e3o e a\u00e7\u00e3o clim\u00e1tica, durante a 79\u00aa semana da Asse","protected":false},"author":1,"featured_media":0,"comment_status":"open","ping_status":"closed","sticky":false,"template":"","format":"standard","meta":{"_acf_changed":false,"inline_featured_image":false,"_monsterinsights_skip_tracking":false,"_monsterinsights_sitenote_active":false,"_monsterinsights_sitenote_note":"","_monsterinsights_sitenote_category":0,"footnotes":""},"categories":[28],"tags":[],"class_list":["post-100616","post","type-post","status-publish","format-standard","hentry","category-prnewsbrasil"],"acf":[],"_links":{"self":[{"href":"https:\/\/bluestudio.estadao.com.br\/agencia-de-comunicacao\/wp-json\/wp\/v2\/posts\/100616","targetHints":{"allow":["GET"]}}],"collection":[{"href":"https:\/\/bluestudio.estadao.com.br\/agencia-de-comunicacao\/wp-json\/wp\/v2\/posts"}],"about":[{"href":"https:\/\/bluestudio.estadao.com.br\/agencia-de-comunicacao\/wp-json\/wp\/v2\/types\/post"}],"author":[{"embeddable":true,"href":"https:\/\/bluestudio.estadao.com.br\/agencia-de-comunicacao\/wp-json\/wp\/v2\/users\/1"}],"replies":[{"embeddable":true,"href":"https:\/\/bluestudio.estadao.com.br\/agencia-de-comunicacao\/wp-json\/wp\/v2\/comments?post=100616"}],"version-history":[{"count":0,"href":"https:\/\/bluestudio.estadao.com.br\/agencia-de-comunicacao\/wp-json\/wp\/v2\/posts\/100616\/revisions"}],"wp:attachment":[{"href":"https:\/\/bluestudio.estadao.com.br\/agencia-de-comunicacao\/wp-json\/wp\/v2\/media?parent=100616"}],"wp:term":[{"taxonomy":"category","embeddable":true,"href":"https:\/\/bluestudio.estadao.com.br\/agencia-de-comunicacao\/wp-json\/wp\/v2\/categories?post=100616"},{"taxonomy":"post_tag","embeddable":true,"href":"https:\/\/bluestudio.estadao.com.br\/agencia-de-comunicacao\/wp-json\/wp\/v2\/tags?post=100616"}],"curies":[{"name":"wp","href":"https:\/\/api.w.org\/{rel}","templated":true}]}}