{"id":100503,"date":"2024-09-20T16:27:00","date_gmt":"2024-09-20T19:27:00","guid":{"rendered":""},"modified":"2024-09-20T16:27:00","modified_gmt":"2024-09-20T19:27:00","slug":"unidade-movel-da-ong-americas-amigas-inicia-campanha-outubro-rosa-com-acesso-gratuito-a-rastreamento-e-diagnostico-de-cancer-de-mama-para-populacoes-em-vulnerabilidade-social","status":"publish","type":"post","link":"https:\/\/bluestudio.estadao.com.br\/agencia-de-comunicacao\/prnewswire\/prnewsinternacional\/unidade-movel-da-ong-americas-amigas-inicia-campanha-outubro-rosa-com-acesso-gratuito-a-rastreamento-e-diagnostico-de-cancer-de-mama-para-populacoes-em-vulnerabilidade-social\/","title":{"rendered":"Unidade M\u00f3vel da ONG Am\u00e9ricas Amigas Inicia Campanha Outubro Rosa com Acesso Gratuito a Rastreamento e Diagn\u00f3stico de C\u00e2ncer de Mama para popula\u00e7\u00f5es em vulnerabilidade social"},"content":{"rendered":"<p><b>PR NEWSWIRE<\/b><\/p>\n<div class=\"xn-content\">\n<ul type=\"disc\">\n<li><i>O c\u00e2ncer de mama \u00e9 a principal causa de morte por c\u00e2ncer entre as mulheres, segundo o INCA <sup>1<\/sup><\/i><\/li>\n<li><i>Ser\u00e3o 82 dias de campanha &#8211; per\u00edodo em que a unidade m\u00f3vel da ONG percorre localidades do Estado de S. Paulo, provendo acesso a mamografia e outros exames, se necess\u00e1rios<\/i><\/li>\n<li><i>Em 2023, a Am\u00e9ricas Amigas atendeu 4.446 pessoas no percurso da carreta no Estado de S. Paulo, beneficiando popula\u00e7\u00f5es de 12 localidades<\/i><\/li>\n<li><i>Vila Prudente e Heli\u00f3polis, ambas na capital paulista, ser\u00e3o as duas primeiras paradas da unidade m\u00f3vel na a\u00e7\u00e3o de 2024<\/i><\/li>\n<\/ul>\n<p><span class=\"legendSpanClass\">S\u00c3O PAULO<\/span>, <span class=\"legendSpanClass\">20 de setembro de 2024<\/span> \/PRNewswire\/ &#8212; A partir de hoje, <b>20 de setembro<\/b>, sexta-feira, a unidade m\u00f3vel da ONG Am\u00e9ricas Amigas come\u00e7a a circular por 12 localidades do Estado de S. Paulo, para realiza\u00e7\u00e3o gratuita de mamografias e outros exames para pessoas em vulnerabilidade social, a partir dos 40 anos de idade.\u00a0 Segundo especialistas e sociedades m\u00e9dicas, a chance de cura \u00e9 de at\u00e9 95% quando o c\u00e2ncer de mama \u00e9 diagnosticado precocemente. A recomenda\u00e7\u00e3o \u00e9 que o rastreamento seja realizado a partir dos 40 anos de idade e que se estenda al\u00e9m dos 69 anos<sup>1-3<\/sup>.<\/p>\n<p>As pessoas interessadas devem se inscrever pelo site da Am\u00e9ricas Amigas, <a href=\"http:\/\/www.americasamigas.org.br\/\" target=\"_blank\" rel=\"nofollow noopener\">www.americasamigas.org.br<\/a>\u00a0<\/p>\n<p>Segundo o INCA &#8211; Instituto Nacional do C\u00e2ncer, o c\u00e2ncer de mama \u00e9 a primeira causa de mortalidade por c\u00e2ncer entre mulheres no Brasil (2022-23) &#8211; havendo varia\u00e7\u00f5es de regi\u00e3o para regi\u00e3o<sup>4<\/sup>.<\/p>\n<p>Do total de casos de c\u00e2ncer de mama diagnosticados pela Am\u00e9ricas Amigas, 33% est\u00e3o abaixo de 50 anos e 18% acima de 70 anos, o que significa que 51% est\u00e3o fora da faixa et\u00e1ria atendida pelos servi\u00e7os p\u00fablicos, que \u00e9 de 50 a 69 anos.<\/p>\n<p>A a\u00e7\u00e3o da campanha Outubro Rosa 2024 pela Am\u00e9ricas Amigas tem patroc\u00ednio de AstraZeneca, BB Seguros, Daiichi Sankyo, Monange, Natural One e Raia Drogasil; apoio do Hospital de C\u00e2ncer de Patroc\u00ednio, Instituto Projeto Cura, Instituto Verdescola, ONG Orientavida, al\u00e9m das Organiza\u00e7\u00f5es Sociais parceiras onde os atendimentos ser\u00e3o realizados. A Am\u00e9ricas Amigas tamb\u00e9m participa de outras a\u00e7\u00f5es em parceria e\/ou apoio de empresas e ONGs de todo o Brasil.<\/p>\n<p>A unidade m\u00f3vel \u00e9 equipada com mam\u00f3grafo, ultrassom, impressora de filme de exame; os resultados s\u00e3o entregues no mesmo dia, para evitar novos deslocamentos das pessoas atendidas.<\/p>\n<p><b><u>Ano Inteiro, em todo Brasil &#8211; <\/u><\/b>A Am\u00e9ricas Amigas atua em todo o Brasil e durante\u00a0\u00a0 todo ano, por iniciativas pr\u00f3prias e\/ou em a\u00e7\u00f5es em parceria com outras organiza\u00e7\u00f5es sociais e institui\u00e7\u00f5es beneficentes. \u00a0Somente neste ano, j\u00e1 esteve, com apoio da Marinha Brasileira, em atendimento a popula\u00e7\u00f5es ribeirinhas por cerca de 60 dias, al\u00e9m de capacitar agentes de sa\u00fade nas regi\u00f5es Norte e Nordeste, para multiplicar conhecimento sobre a doen\u00e7a. Em seus 15 anos de atua\u00e7\u00e3o, a Am\u00e9ricas Amigas doou 24 mam\u00f3grafos e viabilizou cerca de 1,5 milh\u00e3o atendimentos, entre consultas e exames detec\u00e7\u00e3o e diagn\u00f3stico da doen\u00e7a.<\/p>\n<p><b>Roteiro da Unidade M\u00f3vel no Estado de S\u00e3o Paulo &#8211; <\/b>Com atendimento \u00e0s pessoas previamente cadastradas e agendadas, a unidade m\u00f3vel estar\u00e1 em <b>Vila Prudente<\/b> (20 a 24 de setembro), <b>Heli\u00f3polis<\/b> (26 a 29 de setembro), <b>Guarapiranga<\/b> (2 a 6 de outubro), <b>Graja\u00fa <\/b>(9 a 13 de outubro), <b>SESC Interlagos<\/b> (15 a 20 de outubro);\u00a0 <b>Mau\u00e1 <\/b>(23 a 27 de outubro), <b>S\u00e3o Bernardo do Campo<\/b> (30 de outubro a 3 de novembro, incluindo o feriado de 2 de novembro), <b>Suzano<\/b> (6 a 10 de novembro), <b>Itaquaquecetuba<\/b> (13 a 17 de novembro), <b>Santana<\/b> (zona norte da cidade de S. Paulo, 20 a 24 de novembro); <b>Guaratinguet\u00e1 <\/b>(27 a 30 de novembro),<b> S\u00e3o Sebasti\u00e3o<\/b> 02 a 06 de dezembro). Sempre das 7h \u00e0s 16 horas.<\/p>\n<p><b>Mais sobre Am\u00e9ricas Amigas &#8211; <\/b>Eleita por dois anos consecutivos como uma das melhores ONGs em atua\u00e7\u00e3o no Brasil, a Am\u00e9ricas Amigas est\u00e1 estruturada em tr\u00eas programas principais: doa\u00e7\u00e3o de equipamentos e insumos, capacita\u00e7\u00e3o e treinamento de profissionais de sa\u00fade e doa\u00e7\u00e3o de exames, al\u00e9m de a\u00e7\u00f5es de sensibiliza\u00e7\u00e3o e informa\u00e7\u00e3o sobre a doen\u00e7a.\u00a0\u00a0 Fundada em 2009, a Am\u00e9ricas Amigas \u00e9 uma entidade sem fins lucrativos e cumpre os Objetivos de Desenvolvimento Sustent\u00e1vel da ONU. Suas a\u00e7\u00f5es e projetos s\u00e3o desenvolvidos por meio de doa\u00e7\u00f5es de empresas e pessoas f\u00edsicas, al\u00e9m de parcerias com outras ONGs e servi\u00e7os de sa\u00fade. Para mais informa\u00e7\u00f5es, <a href=\"http:\/\/www.americasamigas.org.br\/\" target=\"_blank\" rel=\"nofollow noopener\">www.americasamigas.org.br<\/a> e @americasamigasoficial nas redes sociais.<\/p>\n<p><b>#juntascontraocancerdemama<\/b><\/p>\n<p>Refer\u00eancias:<\/p>\n<p class=\"prnml40\"><sup>(1)\u00a0 <\/sup>\u00a0<a href=\"https:\/\/www.gov.br\/inca\/pt-br\/assuntos\/gestor-e-profissional-de-saude\/controle-do-cancer-de-mama\/dados-e-numeros\/mortalidade\" target=\"_blank\" rel=\"nofollow noopener\">https:\/\/www.gov.br\/inca\/pt-br\/assuntos\/gestor-e-profissional-de-saude\/controle-do-cancer-de-mama\/dados-e-numeros\/mortalidade<\/a> <br \/><sup>(2)\u00a0 <\/sup><a href=\"https:\/\/www.febrasgo.org.br\/pt\/noticias\/item\/1511-diagnostico-precoce-garante-cura-de-95-dos-casos-de-cancer-de-mama\" target=\"_blank\" rel=\"nofollow noopener\">https:\/\/www.febrasgo.org.br\/pt\/noticias\/item\/1511-diagnostico-precoce-garante-cura-de-95-dos-casos-de-cancer-de-mama<\/a> <br \/><sup>(3)\u00a0 <\/sup><a href=\"https:\/\/www.sbmastologia.com.br\/evolucao-do-numero-de-casos-de-cancer-de-mama-exige-acoes-coordenadas\/\" target=\"_blank\" rel=\"nofollow noopener\">https:\/\/www.sbmastologia.com.br\/evolucao-do-numero-de-casos-de-cancer-de-mama-exige-acoes-coordenadas\/<\/a> <br \/><sup>(4)\u00a0 <\/sup><a href=\"https:\/\/www.gov.br\/inca\/pt-br\/assuntos\/gestor-e-profissional-de-saude\/controle-do-cancer-de-mama\/dados-e-numeros\/mortalidade\" target=\"_blank\" rel=\"nofollow noopener\">https:\/\/www.gov.br\/inca\/pt-br\/assuntos\/gestor-e-profissional-de-saude\/controle-do-cancer-de-mama\/dados-e-numeros\/mortalidade<\/a><\/p>\n<p id=\"PURL\"><img loading=\"lazy\" decoding=\"async\" title=\"Cision\" width=\"12\" height=\"12\" alt=\"Cision\" src=\"https:\/\/c212.net\/c\/img\/favicon.png?sn=PT12156&amp;sd=2024-09-20\" \/> View original content:<a id=\"PRNURL\" rel=\"nofollow noopener\" href=\"https:\/\/www.prnewswire.com\/br\/comunicados-para-a-imprensa\/unidade-movel-da-ong-americas-amigas-inicia-campanha-outubro-rosa-com-acesso-gratuito-a-rastreamento-e-diagnostico-de-cancer-de-mama-para-populacoes-em-vulnerabilidade-social-302254508.html\" target=\"_blank\">https:\/\/www.prnewswire.com\/br\/comunicados-para-a-imprensa\/unidade-movel-da-ong-americas-amigas-inicia-campanha-outubro-rosa-com-acesso-gratuito-a-rastreamento-e-diagnostico-de-cancer-de-mama-para-populacoes-em-vulnerabilidade-social-302254508.html<\/a><\/p>\n<p>FONTE  Am\u00e9ricas Amigas<\/p>\n<\/div>\n<p><img decoding=\"async\" alt=\"\" src=\"https:\/\/rt.prnewswire.com\/rt.gif?NewsItemId=PT12156&amp;Transmission_Id=202409201515PR_NEWS_LATAM____PT12156&amp;DateId=20240920\" style=\"border:0px;width:1px;height:1px\" \/><\/p>\n<p>A <b>OESP<\/b> n\u00e3o \u00e9(s\u00e3o) respons\u00e1vel(is) por erros, incorre\u00e7\u00f5es, atrasos ou quaisquer decis\u00f5es tomadas por seus clientes com base nos Conte\u00fados ora disponibilizados, bem como tais Conte\u00fados n\u00e3o representam a opini\u00e3o da <b>OESP<\/b> e s\u00e3o de inteira responsabilidade da <b>PR Newswire Ltda<\/b><\/p>\n","protected":false},"excerpt":{"rendered":"A partir de hoje, 20 de setembro, sexta-feira, a unidade m\u00f3vel da ONG Am\u00e9ricas Amigas come\u00e7a a circular por 12 localidades do Estado de S. Paulo, para realiza\u00e7\u00e3o gratuita d","protected":false},"author":1,"featured_media":0,"comment_status":"open","ping_status":"closed","sticky":false,"template":"","format":"standard","meta":{"_acf_changed":false,"inline_featured_image":false,"_monsterinsights_skip_tracking":false,"_monsterinsights_sitenote_active":false,"_monsterinsights_sitenote_note":"","_monsterinsights_sitenote_category":0,"footnotes":""},"categories":[31],"tags":[],"class_list":["post-100503","post","type-post","status-publish","format-standard","hentry","category-prnewsinternacional"],"acf":[],"_links":{"self":[{"href":"https:\/\/bluestudio.estadao.com.br\/agencia-de-comunicacao\/wp-json\/wp\/v2\/posts\/100503","targetHints":{"allow":["GET"]}}],"collection":[{"href":"https:\/\/bluestudio.estadao.com.br\/agencia-de-comunicacao\/wp-json\/wp\/v2\/posts"}],"about":[{"href":"https:\/\/bluestudio.estadao.com.br\/agencia-de-comunicacao\/wp-json\/wp\/v2\/types\/post"}],"author":[{"embeddable":true,"href":"https:\/\/bluestudio.estadao.com.br\/agencia-de-comunicacao\/wp-json\/wp\/v2\/users\/1"}],"replies":[{"embeddable":true,"href":"https:\/\/bluestudio.estadao.com.br\/agencia-de-comunicacao\/wp-json\/wp\/v2\/comments?post=100503"}],"version-history":[{"count":0,"href":"https:\/\/bluestudio.estadao.com.br\/agencia-de-comunicacao\/wp-json\/wp\/v2\/posts\/100503\/revisions"}],"wp:attachment":[{"href":"https:\/\/bluestudio.estadao.com.br\/agencia-de-comunicacao\/wp-json\/wp\/v2\/media?parent=100503"}],"wp:term":[{"taxonomy":"category","embeddable":true,"href":"https:\/\/bluestudio.estadao.com.br\/agencia-de-comunicacao\/wp-json\/wp\/v2\/categories?post=100503"},{"taxonomy":"post_tag","embeddable":true,"href":"https:\/\/bluestudio.estadao.com.br\/agencia-de-comunicacao\/wp-json\/wp\/v2\/tags?post=100503"}],"curies":[{"name":"wp","href":"https:\/\/api.w.org\/{rel}","templated":true}]}}