{"id":100259,"date":"2024-09-16T10:12:00","date_gmt":"2024-09-16T13:12:00","guid":{"rendered":"https:\/\/bluestudio.estadao.com.br\/agencia-de-comunicacao\/prnewswire\/prnewseconomia\/kanban-brazil-e-ap-digital-services-promovem-a-edicao-de-recife-do-kanban-tour-2024-3\/"},"modified":"2024-09-16T10:12:00","modified_gmt":"2024-09-16T13:12:00","slug":"kanban-brazil-e-ap-digital-services-promovem-a-edicao-de-recife-do-kanban-tour-2024-3","status":"publish","type":"post","link":"https:\/\/bluestudio.estadao.com.br\/agencia-de-comunicacao\/prnewswire\/prnewseconomia\/kanban-brazil-e-ap-digital-services-promovem-a-edicao-de-recife-do-kanban-tour-2024-3\/","title":{"rendered":"Kanban Brazil e AP Digital Services promovem a edi\u00e7\u00e3o de Recife do &#8220;Kanban Tour 2024&#8221;"},"content":{"rendered":"<p><b>PR NEWSWIRE<\/b><\/p>\n<div class=\"xn-content\">\n<p class=\"prntac\"><i>Evento acontece dia 30 de setembro e contar\u00e1 com a presen\u00e7a do criador do m\u00e9todo Kanban, <span class=\"xn-person\">David Anderson<\/span><\/i><\/p>\n<p><span class=\"legendSpanClass\"><span class=\"xn-location\">RECIFE<\/span>, Brasil<\/span>, <span class=\"legendSpanClass\">16 de setembro de 2024<\/span> \/PRNewswire\/ &#8212; A Kanban Brazil, entidade especializada em metodologia Kanban para a gest\u00e3o e lideran\u00e7a do trabalho do conhecimento, e\u00a0 a AP Digital Services, empresa de tecnologia e consultoria especializada em servi\u00e7os digitais, promovem a edi\u00e7\u00e3o de <span class=\"xn-location\">Recife<\/span> (PE) do &#8220;<u><a href=\"https:\/\/kanbanbrazil.com.br\/\" target=\"_blank\" rel=\"nofollow noopener\">Kanban Tour 2024<\/a><\/u>&#8220;. O evento, considerado uma oportunidade \u00fanica para a comunidade empresarial\u00a0 da regi\u00e3o se conectar com as mais recentes inova\u00e7\u00f5es em gest\u00e3o \u00e1gil,\u00a0ter\u00e1 como destaque a presen\u00e7a de <span class=\"xn-person\">David J. Anderson<\/span>, criador da metodologia Kanban. As inscri\u00e7\u00f5es podem ser realizadas pela plataforma <u><a href=\"https:\/\/www.sympla.com.br\/evento\/kanban-brazil-tour-2024-descobrindo-kanban-agilidade-sem-custos-adicionais\/2594733\" target=\"_blank\" rel=\"nofollow noopener\">Sympla<\/a><\/u>.<\/p>\n<div class=\"PRN_ImbeddedAssetReference\" id=\"DivAssetPlaceHolder1\">\n<a href=\"https:\/\/mma.prnewswire.com\/media\/2505489\/David_J__Anderson.html\" target=\"_blank\" rel=\"nofollow noopener\">  <img decoding=\"async\" src=\"https:\/\/mma.prnewswire.com\/media\/2505489\/David_J__Anderson.jpg\" title=\"\" alt=\"\" \/><\/a>\n <\/p>\n<\/p><\/div>\n<p><b>Impacto do Kanban no mercado<br \/><\/b><span><span class=\"xn-person\">David J. Anderson<\/span> foi um pioneiro no mercado de tecnologia ao adaptar pr\u00e1ticas de manufatura enxuta para o desenvolvimento de software e outras ind\u00fastrias, criando um m\u00e9todo visual que facilita a gest\u00e3o de fluxos de trabalho. O\u00a0<\/span>Kanban<span> promove a melhoria cont\u00ednua, visibilidade, flexibilidade, redu\u00e7\u00e3o de desperd\u00edcios e engajamento das equipes.<\/span>\u00a0<\/p>\n<p>Durante o evento,\u00a0 <span class=\"xn-person\">David J. Anderson<\/span> demonstrar\u00e1 como a metodologia Kanban tem transformado a maneira como as empresas aprimoram as pr\u00e1ticas de gest\u00e3o e otimizam processos, de modo a se tornarem mais \u00e1geis e eficientes.<\/p>\n<p><b>Palestra da AP Digital Services<br \/><\/b>A AP Digital Services, al\u00e9m de promover o evento, tamb\u00e9m ter\u00e1 uma palestra. Intitulada &#8220;Agilidade Impulsionada pela Intelig\u00eancia Artificial (IA): acelerando a transforma\u00e7\u00e3o digital com casos reais&#8221;, a palestra ser\u00e1 apresentada por <span class=\"xn-person\">Luciana Miranda<\/span>, VP e CMO da AP Digital Services.<\/p>\n<p>&#8220;A palestra vai mostrar que a sinergia entre IA e\u00a0Kanban permite decis\u00f5es mais assertivas e aperfei\u00e7oa a experi\u00eancia do cliente, gerando resultados mensur\u00e1veis de acordo com a necessidade de cada empresa&#8221;, afirma a executiva.<\/p>\n<p><b><u>Agenda &#8211; Edi\u00e7\u00e3o de <span class=\"xn-location\">Recife<\/span> (PE) do &#8220;Kanban Tour&#8221;<br \/><\/u><\/b><b>Data:<\/b>\u00a030 de setembro (segunda-feira)<br \/><b>Hor\u00e1rio:<\/b>\u00a018h \u00e0s 21h30<br \/><b>Palestra da AP Digital Services:<\/b>\u00a0&#8220;Agilidade Impulsionada pela Intelig\u00eancia Artificial (IA): acelerando a transforma\u00e7\u00e3o digital com casos reais&#8221;, por <span class=\"xn-person\">Luciana Miranda<\/span>, VP e CMO da AP Digital Services, \u00e0s 20h45<br \/><b>Local:<\/b>\u00a0Apolo 235<br \/><b>Endere\u00e7o:<\/b>\u00a0Rua do Apolo, 235 &#8211; <span class=\"xn-location\">Recife<\/span> (PE)<\/p>\n<p><u><b>Contato de Imprensa:<\/b><\/u> <b>Polvora Comunica\u00e7\u00e3o &#8211; <\/b>Wagner Hiroi\u00a0 &#8211; <a href=\"mailto:wagner@polvoracomunicacao.com.br\" target=\"_blank\" rel=\"nofollow noopener\">wagner@polvoracomunicacao.com.br<\/a> &#8211; (11) 9 8878-2556<\/p>\n<p>Foto &#8211; <a href=\"https:\/\/mma.prnewswire.com\/media\/2505489\/David_J__Anderson.jpg\" target=\"_blank\" rel=\"nofollow noopener\">https:\/\/mma.prnewswire.com\/media\/2505489\/David_J__Anderson.jpg<\/a><\/p>\n<p id=\"PURL\"><img loading=\"lazy\" decoding=\"async\" title=\"Cision\" width=\"12\" height=\"12\" alt=\"Cision\" src=\"https:\/\/c212.net\/c\/img\/favicon.png?sn=PT06479&amp;sd=2024-09-16\" \/> View original content to download multimedia:<a id=\"PRNURL\" rel=\"nofollow noopener\" href=\"https:\/\/www.prnewswire.com\/br\/comunicados-para-a-imprensa\/kanban-brazil-e-ap-digital-services-promovem-a-edicao-de-recife-do-kanban-tour-2024-302248113.html\" target=\"_blank\">https:\/\/www.prnewswire.com\/br\/comunicados-para-a-imprensa\/kanban-brazil-e-ap-digital-services-promovem-a-edicao-de-recife-do-kanban-tour-2024-302248113.html<\/a><\/p>\n<p>FONTE  AP Digital Services<\/p>\n<\/div>\n<p><img decoding=\"async\" alt=\"\" src=\"https:\/\/rt.prnewswire.com\/rt.gif?NewsItemId=PT06479&amp;Transmission_Id=202409160900PR_NEWS_LATAM____PT06479&amp;DateId=20240916\" style=\"border:0px;width:1px;height:1px\" \/><\/p>\n<p>A <b>OESP<\/b> n\u00e3o \u00e9(s\u00e3o) respons\u00e1vel(is) por erros, incorre\u00e7\u00f5es, atrasos ou quaisquer decis\u00f5es tomadas por seus clientes com base nos Conte\u00fados ora disponibilizados, bem como tais Conte\u00fados n\u00e3o representam a opini\u00e3o da <b>OESP<\/b> e s\u00e3o de inteira responsabilidade da <b>PR Newswire Ltda<\/b><\/p>\n","protected":false},"excerpt":{"rendered":"Evento acontece dia 30 de setembro e contar\u00e1 com a presen\u00e7a do criador do m\u00e9todo Kanban, David Anderson","protected":false},"author":1,"featured_media":0,"comment_status":"open","ping_status":"closed","sticky":false,"template":"","format":"standard","meta":{"_acf_changed":false,"inline_featured_image":false,"_monsterinsights_skip_tracking":false,"_monsterinsights_sitenote_active":false,"_monsterinsights_sitenote_note":"","_monsterinsights_sitenote_category":0,"footnotes":""},"categories":[29],"tags":[],"class_list":["post-100259","post","type-post","status-publish","format-standard","hentry","category-prnewseconomia"],"acf":[],"_links":{"self":[{"href":"https:\/\/bluestudio.estadao.com.br\/agencia-de-comunicacao\/wp-json\/wp\/v2\/posts\/100259","targetHints":{"allow":["GET"]}}],"collection":[{"href":"https:\/\/bluestudio.estadao.com.br\/agencia-de-comunicacao\/wp-json\/wp\/v2\/posts"}],"about":[{"href":"https:\/\/bluestudio.estadao.com.br\/agencia-de-comunicacao\/wp-json\/wp\/v2\/types\/post"}],"author":[{"embeddable":true,"href":"https:\/\/bluestudio.estadao.com.br\/agencia-de-comunicacao\/wp-json\/wp\/v2\/users\/1"}],"replies":[{"embeddable":true,"href":"https:\/\/bluestudio.estadao.com.br\/agencia-de-comunicacao\/wp-json\/wp\/v2\/comments?post=100259"}],"version-history":[{"count":0,"href":"https:\/\/bluestudio.estadao.com.br\/agencia-de-comunicacao\/wp-json\/wp\/v2\/posts\/100259\/revisions"}],"wp:attachment":[{"href":"https:\/\/bluestudio.estadao.com.br\/agencia-de-comunicacao\/wp-json\/wp\/v2\/media?parent=100259"}],"wp:term":[{"taxonomy":"category","embeddable":true,"href":"https:\/\/bluestudio.estadao.com.br\/agencia-de-comunicacao\/wp-json\/wp\/v2\/categories?post=100259"},{"taxonomy":"post_tag","embeddable":true,"href":"https:\/\/bluestudio.estadao.com.br\/agencia-de-comunicacao\/wp-json\/wp\/v2\/tags?post=100259"}],"curies":[{"name":"wp","href":"https:\/\/api.w.org\/{rel}","templated":true}]}}