{"id":100060,"date":"2024-09-10T13:27:00","date_gmt":"2024-09-10T16:27:00","guid":{"rendered":"https:\/\/bluestudio.estadao.com.br\/agencia-de-comunicacao\/prnewswire\/prnewsinternacional\/power-up-td-synnex-reune-canais-de-venda-para-examinar-tendencias-do-mercado-e-como-torna-las-oportunidades-de-negocio\/"},"modified":"2024-09-10T13:27:00","modified_gmt":"2024-09-10T16:27:00","slug":"power-up-td-synnex-reune-canais-de-venda-para-examinar-tendencias-do-mercado-e-como-torna-las-oportunidades-de-negocio","status":"publish","type":"post","link":"https:\/\/bluestudio.estadao.com.br\/agencia-de-comunicacao\/prnewswire\/prnewsinternacional\/power-up-td-synnex-reune-canais-de-venda-para-examinar-tendencias-do-mercado-e-como-torna-las-oportunidades-de-negocio\/","title":{"rendered":"Power Up: TD SYNNEX re\u00fane canais de venda para examinar tend\u00eancias do mercado e como torn\u00e1-las oportunidades de neg\u00f3cio"},"content":{"rendered":"<p><b>PR NEWSWIRE<\/b><\/p>\n<div class=\"xn-content\">\n<i>O evento acontece no Teatro Santander, em S\u00e3o Paulo, no dia 18 de setembro. A participa\u00e7\u00e3o das revendas \u00e9 gratuita<\/i><\/p>\n<p><span class=\"legendSpanClass\">S\u00c3O PAULO\u00a0<\/span>, <span class=\"legendSpanClass\">10 de setembro de 2024<\/span> \/PRNewswire\/ &#8212; A\u00a0TD SYNNEX (NYSE: SNX), uma das maiores empresas globais em distribui\u00e7\u00e3o e agrega\u00e7\u00e3o de solu\u00e7\u00f5es de TI, promove no dia 18 de setembro em S\u00e3o Paulo, encontro aberto a revendas parceiras de todo o Brasil para apresentar as tend\u00eancias e panorama do mercado de TI e como torn\u00e1-las oportunidades de neg\u00f3cio. Sempre com o mesmo objetivo, o evento, denominado Power Up, acontece em diferentes datas nos v\u00e1rios pa\u00edses latino-americanos em que a TD SYNNEX est\u00e1 presente.?<\/p>\n<p>O <i>Power Up<\/i> &#8220;ir\u00e1 oferecer \u00e0s revendas parceiras uma valiosa troca de conhecimentos, acesso a ferramentas e muita conex\u00e3o entre os integrantes do ecossistema de TI, promovendo um ambiente rico em oportunidades para o crescimento e o sucesso de seus neg\u00f3cios&#8221;, diz a diretora geral e vice-presidente da TD SYNNEX Brasil, Solange Milar\u00e9. Para ela, &#8220;\u00e9 exatamente o sentido de nosso <i>Power Up<\/i>: um dia dedicado a liberar todo o potencial de seus neg\u00f3cios&#8221;.?<\/p>\n<p><b>Agenda<br \/><\/b>Depois das boas-vindas da l\u00edder da empresa no Pa\u00eds, <span class=\"xn-person\">Luciano Ramos<\/span>, country manager do IDC no Brasil e convidado especial da TD SYNNEX, ir\u00e1 mostrar as principais tend\u00eancias do mercado brasileiro de tecnologia no per\u00edodo 2024 \/ 2025. Em seguida, executivos de algumas das principais empresas globais do setor ir\u00e3o compartilhar sua vis\u00e3o de neg\u00f3cios.\u00a0<\/p>\n<p>Mas nem s\u00f3 de palestras se comp\u00f5e o <i>Power Up<\/i>. Em <i>lounges<\/i> montados no teatro, fabricantes presentes estar\u00e3o \u00e0 disposi\u00e7\u00e3o para fornecer detalhes de suas tecnologias aos canais.?<\/p>\n<p>Na parte da tarde, haver\u00e1 pain\u00e9is de discuss\u00e3o em tr\u00eas trilhas, abordando diferentes aspectos de Intelig\u00eancia Artificial, Seguran\u00e7a e Nuvem, com a participa\u00e7\u00e3o de fabricantes e analistas de mercado, al\u00e9m de executivos da TD SYNNEX que ir\u00e3o detalhar o que o distribuidor oferece para que o canal cres\u00e7a em cada uma dessas \u00e1reas.<\/p>\n<p>O evento termina com show especial seguido de coquetel.?<\/p>\n<p><b>Servi\u00e7o?<\/b> <br \/><b>Evento: Power UP<\/b>,\u00a0promovido pela TD SYNNEX Brasil com o objetivo de oferecer informa\u00e7\u00f5es, conex\u00f5es e ferramentas relevantes para o sucesso das revendas de TI? <br \/><b>Data e hora<\/b>: 18 de setembro de 2024, das 8 \u00e0s 18 horas?<br \/><b>Loca<\/b>l: Teatro Santander, no Shopping JK, \u00e0?Av. Presidente Juscelino Kubitschek, 2041, Itaim Bibi, S\u00e3o Paulo??<br \/><b>Inscri\u00e7\u00f5es<\/b>: evento presencial e exclusivo para parceiros da TD SYNNEX de todo o Pa\u00eds, com vagas limitadas.?Para mais informa\u00e7\u00f5es entre em contato com seu atendimento na TD SYNNEX ou com o time de marketing pelo e-mail <a href=\"mailto:marketingallbr@tdsynnex.com\" target=\"_blank\" rel=\"nofollow noopener\">marketingallbr@tdsynnex.com<\/a><\/p>\n<p><b>Sobre a TD SYNNEX<\/b> <br \/>A TD SYNNEX (NYSE: SNX) \u00e9 uma distribuidora l\u00edder global e agregadora de solu\u00e7\u00f5es para o ecossistema de TI. Somos um parceiro inovador que contribui para que 150.000 clientes, em mais de 100 pa\u00edses, possam maximizar o valor dos investimentos em tecnologia, demonstrar resultados de neg\u00f3cios e encontrar oportunidades de crescimento. Com sedes em Clearwater, Fl\u00f3rida, e Fremont, Calif\u00f3rnia, os 23.000 funcion\u00e1rios se dedicam a consolidar produtos, servi\u00e7os e solu\u00e7\u00f5es de TI atraentes de mais de 2.500 dos melhores fornecedores de tecnologia em todo o mundo. Nosso portf\u00f3lio edge-to-cloud est\u00e1 ancorado em alguns dos segmentos de tecnologia de crescimento mais r\u00e1pido, incluindo IA, nuvem, seguran\u00e7a cibern\u00e9tica, big data\/analytics, IoT, mobilidade e &#8220;tudo como servi\u00e7o&#8221;. A TD SYNNEX est\u00e1 comprometida em servir clientes e comunidades, e acreditamos que podemos causar um impacto positivo em nosso pessoal e em nosso planeta exercendo conscientemente nossa cidadania corporativa. E queremos ser o empregador preferencial, no que que diz respeito \u00e0 inclus\u00e3o e diversidade, para talentos em todo o ecossistema de TI. Para mais informa\u00e7\u00f5es, visite <a href=\"https:\/\/lac.tdsynnex.com\/br\/pt-br\/#_blank\" target=\"_blank\" rel=\"nofollow noopener\">https:\/\/lac.tdsynnex.com\/br\/pt-br\/<\/a>?ou siga-nos no <a href=\"https:\/\/twitter.com\/TDSYNNEXBrasil#_blank\" target=\"_blank\" rel=\"nofollow noopener\">Twitter<\/a>, <a href=\"https:\/\/www.linkedin.com\/company\/td-synnex-brasil\/#_blank\" target=\"_blank\" rel=\"nofollow noopener\">LinkedIn<\/a><a href=\"https:\/\/www.linkedin.com\/company\/tdsynnex\/mycompany\/#_blank\" target=\"_blank\" rel=\"nofollow noopener\">, <\/a><a href=\"https:\/\/www.facebook.com\/TDSYNNEXBrasil#_blank\" target=\"_blank\" rel=\"nofollow noopener\">Facebook<\/a>\u00a0e <a href=\"https:\/\/www.instagram.com\/tdsynnexbrasil\/#_blank\" target=\"_blank\" rel=\"nofollow noopener\">Instagram<\/a>.<\/p>\n<p><b>Declara\u00e7\u00e3o<br \/><\/b>As declara\u00e7\u00f5es neste comunicado \u00e0 imprensa s\u00e3o &#8220;declara\u00e7\u00f5es prospectivas&#8221;, no sentido da Se\u00e7\u00e3o 27A do Securities Act de 1933 e da Se\u00e7\u00e3o 21E do Securities Exchange Act de 1934 dos Estados Unidos. Envolvem riscos e incertezas conhecidos e desconhecidos, que podem influir nos?resultados reais da Empresa, em per\u00edodos futuros, materialmente diferentes de qualquer desempenho que esse comunicado possa sugerir. A Empresa n\u00e3o assume nenhuma obriga\u00e7\u00e3o de atualizar quaisquer declara\u00e7\u00f5es prospectivas contidas neste comunicado.<\/p>\n<p>&copy; 2024 TD SYNNEX Corporation. TD SYNNEX, o logotipo TD SYNNEX e todos os outros nomes e slogans de empresas, produtos e servi\u00e7os TD SYNNEX s\u00e3o marcas registradas da TD SYNNEX Corporation. Outros nomes e marcas registradas s\u00e3o de propriedade de seus respectivos propriet\u00e1rios.<\/p>\n<p>\u00a0<\/p>\n<p id=\"PURL\"><img loading=\"lazy\" decoding=\"async\" title=\"Cision\" width=\"12\" height=\"12\" alt=\"Cision\" src=\"https:\/\/c212.net\/c\/img\/favicon.png?sn=PT02951&amp;sd=2024-09-10\" \/> View original content:<a id=\"PRNURL\" rel=\"nofollow noopener\" href=\"https:\/\/www.prnewswire.com\/br\/comunicados-para-a-imprensa\/power-up-td-synnex-reune-canais-de-venda-para-examinar-tendencias-do-mercado-e-como-torna-las-oportunidades-de-negocio-302243992.html\" target=\"_blank\">https:\/\/www.prnewswire.com\/br\/comunicados-para-a-imprensa\/power-up-td-synnex-reune-canais-de-venda-para-examinar-tendencias-do-mercado-e-como-torna-las-oportunidades-de-negocio-302243992.html<\/a><\/p>\n<p>FONTE  TD SYNNEX<\/p>\n<\/div>\n<p><img decoding=\"async\" alt=\"\" src=\"https:\/\/rt.prnewswire.com\/rt.gif?NewsItemId=PT02951&amp;Transmission_Id=202409101217PR_NEWS_LATAM____PT02951&amp;DateId=20240910\" style=\"border:0px;width:1px;height:1px\" \/><\/p>\n<p>A <b>OESP<\/b> n\u00e3o \u00e9(s\u00e3o) respons\u00e1vel(is) por erros, incorre\u00e7\u00f5es, atrasos ou quaisquer decis\u00f5es tomadas por seus clientes com base nos Conte\u00fados ora disponibilizados, bem como tais Conte\u00fados n\u00e3o representam a opini\u00e3o da <b>OESP<\/b> e s\u00e3o de inteira responsabilidade da <b>PR Newswire Ltda<\/b><\/p>\n","protected":false},"excerpt":{"rendered":"A\u00a0TD SYNNEX (NYSE: SNX), uma das maiores empresas globais em distribui\u00e7\u00e3o e agrega\u00e7\u00e3o de solu\u00e7\u00f5es de TI, promove no dia 18 de setembro em S\u00e3o Paulo, encontro aberto a revendas par","protected":false},"author":1,"featured_media":0,"comment_status":"open","ping_status":"closed","sticky":false,"template":"","format":"standard","meta":{"_acf_changed":false,"inline_featured_image":false,"_monsterinsights_skip_tracking":false,"_monsterinsights_sitenote_active":false,"_monsterinsights_sitenote_note":"","_monsterinsights_sitenote_category":0,"footnotes":""},"categories":[31],"tags":[],"class_list":["post-100060","post","type-post","status-publish","format-standard","hentry","category-prnewsinternacional"],"acf":[],"_links":{"self":[{"href":"https:\/\/bluestudio.estadao.com.br\/agencia-de-comunicacao\/wp-json\/wp\/v2\/posts\/100060","targetHints":{"allow":["GET"]}}],"collection":[{"href":"https:\/\/bluestudio.estadao.com.br\/agencia-de-comunicacao\/wp-json\/wp\/v2\/posts"}],"about":[{"href":"https:\/\/bluestudio.estadao.com.br\/agencia-de-comunicacao\/wp-json\/wp\/v2\/types\/post"}],"author":[{"embeddable":true,"href":"https:\/\/bluestudio.estadao.com.br\/agencia-de-comunicacao\/wp-json\/wp\/v2\/users\/1"}],"replies":[{"embeddable":true,"href":"https:\/\/bluestudio.estadao.com.br\/agencia-de-comunicacao\/wp-json\/wp\/v2\/comments?post=100060"}],"version-history":[{"count":0,"href":"https:\/\/bluestudio.estadao.com.br\/agencia-de-comunicacao\/wp-json\/wp\/v2\/posts\/100060\/revisions"}],"wp:attachment":[{"href":"https:\/\/bluestudio.estadao.com.br\/agencia-de-comunicacao\/wp-json\/wp\/v2\/media?parent=100060"}],"wp:term":[{"taxonomy":"category","embeddable":true,"href":"https:\/\/bluestudio.estadao.com.br\/agencia-de-comunicacao\/wp-json\/wp\/v2\/categories?post=100060"},{"taxonomy":"post_tag","embeddable":true,"href":"https:\/\/bluestudio.estadao.com.br\/agencia-de-comunicacao\/wp-json\/wp\/v2\/tags?post=100060"}],"curies":[{"name":"wp","href":"https:\/\/api.w.org\/{rel}","templated":true}]}}